{"id":54,"date":"2009-12-18T13:36:00","date_gmt":"2009-12-18T13:36:00","guid":{"rendered":"http:\/\/blogs.ideal.es\/abocajarro\/?p=54"},"modified":"2009-12-18T13:36:00","modified_gmt":"2009-12-18T13:36:00","slug":"politicamente-incorrecto","status":"publish","type":"post","link":"https:\/\/blogs.ideal.es\/abocajarro\/2009\/12\/18\/politicamente-incorrecto\/","title":{"rendered":"Pol\u00edticamente incorrecto"},"content":{"rendered":"<p>La que ha liado el juez Miguel S\u00e1nchez Gasca, titular del juzgado de Violencia Sobre la Mujer de Ja\u00e9n, con un <A id=link_0 title=http:\/\/www.ideal.es\/jaen\/20091209\/jaen\/juez-violencia-sobre-mujer-20091209.html href=\"http:\/\/www.ideal.es\/jaen\/20091209\/jaen\/juez-violencia-sobre-mujer-20091209.html\">auto en el que critica duramente la Ley <\/A>que impide a un padre acceder a la custodia compartida de sus dos hijos si hay una denuncia contra \u00e9l por violencia contra la mujer, al margen de que la denuncia tenga m\u00e1s o menos fundamento. &#8220;Aplica la vieja regla de caf\u00e9 para todos, muy propia de estos tiempos de radicalismo de g\u00e9nero&#8221;, llega a decir. Es mucho decir en estos tiempos en los que ser pol\u00edticamente incorrecto tiene un precio. Y todo lo que tiene que ver con el tema de la violencia familiar es muy sensible a lo pol\u00edticamente correcto. Lo dem\u00e1s, parece, importa poco.<\/p>\n<p>Contra lo pol\u00edticamente correcto no se admiten cr\u00edticas. Todav\u00eda me acuerdo la que me arm\u00f3 la consejera de Justicia porque IDEAL inform\u00f3 de que el <A id=link_0 title=http:\/\/www.ideal.es\/jaen\/20071229\/jaen\/juzgado-violencia-genero-arranca-20071229.html href=\"http:\/\/www.ideal.es\/jaen\/20071229\/jaen\/juzgado-violencia-genero-arranca-20071229.html\">juzgado de violencia de g\u00e9nero de Ja\u00e9n abri\u00f3 sin estar preparado para ello. No ten\u00edan ni folios<\/A>. Menudo disgusto se llev\u00f3 el juez S\u00e1nchez Gasca, que no pudo atender ese d\u00eda a dos mujeres que acudieron a \u00e9l buscando amparo por falta de medios (tuvieron que irse otro juzgado). A los pocos d\u00edas vino la consejera Mar\u00eda Jos\u00e9 L\u00f3pez a Ja\u00e9n. No se le ocurri\u00f3 decir que la hab\u00edan cagado, sino que dio las quejas: c\u00f3mo se nos ocurr\u00eda dar esas noticias, que desmoralizaban a las v\u00edctimas. No dijo que lo que desmoraliza a las v\u00edctimas es no darles la asistencia especializada y personalizada que les estaban prometiendo en los peri\u00f3dicos. Nadie alz\u00f3 la voz por aquel esc\u00e1ndalo. Hay que vigilar que no se pongan modelos en bragas en los escaparates. Pero que el juzgado donde se atiende a las v\u00edctimas de malos tratos tenga desde el primer d\u00eda todos los medios no parec\u00eda entonces preocupar a nadie.<\/p>\n<p>Otro detalle: El Colegio de Abogados denuncia que con los recortes a la Justicia gratuita, se deja a las v\u00edctimas de malos tratos sin la asistencia de un <A id=link_0 title=http:\/\/www.ideal.es\/jaen\/20091204\/ubeda-baeza\/maltratadas-quedan-ayuda-especializada-20091204.html href=\"http:\/\/www.ideal.es\/jaen\/20091204\/ubeda-baeza\/maltratadas-quedan-ayuda-especializada-20091204.html\">turno de oficio especializado<\/A>, con letrados que tienen toda la formaci\u00f3n necesaria gracias a los cursos que les exige el Colegio para atender a las v\u00edctimas de violencia de g\u00e9nero. Ahora las van a atender letrados igualmente profesionales y voluntariosos, pero sin la garant\u00eda de esa formaci\u00f3n espec\u00edfica. Con que no se hable de ello todos tan tranquilos. Aqu\u00ed no pasa nada. No he escuchado a ning\u00fan \u00f3rganismo oficial u oficioso (con o sin sueldo o subvenci\u00f3n p\u00fablica) dar la voz de alarma sobre esta circunstancia, salvo al Colegio de Abogados, claro.<\/p>\n<p>La cr\u00edtica del juez de Violencia sobre la Mujer en torno al cors\u00e9 de la ley no es nueva en asuntos de violencia y familia. Por m\u00e1s que algunos se empe\u00f1en en enfocar el auto del juez S\u00e1nchez Gasca sobre el tema de las denuncias falsas (haberlas las hay, pero me consta que se persiguen con firmeza cuando se detectan) yo creo que lo que denuncia el juez es otra cosa: el &#8220;radicalismo de g\u00e9nero&#8221; con el que se redactan las normas provoca situaciones que se podr\u00edan solventar mejor si dejasen al juez, a la vista de las circunstancias concretas de cada caso, tomar la decisi\u00f3n m\u00e1s adecuada en funci\u00f3n del bien jur\u00eddico que se pretende proteger. En el caso del auto de marras, el bienestar de dos ni\u00f1os de ocho y diez a\u00f1os.<\/p>\n<p>\u00bfSe acuerdan del <A id=link_1 title=http:\/\/www.ideal.es\/jaen\/20090123\/jaen\/separar-20090123.html href=\"http:\/\/www.ideal.es\/jaen\/20090123\/jaen\/separar-20090123.html\">caso de la madre de Pozo Alc\u00f3n<\/A>? Aquel desaguisado hubo que arreglarlo con un indulto del Gobierno. Tanto la hoy presidenta de la Audiencia, Elena Arias Salgado, como el fiscal jefe, Jos\u00e9 Mar\u00eda Casado, criticaron la ley por el automatismo en los alejamientos. En el caso del auto del juez S\u00e1nchez Gasca, el automatismo es que si hay denuncia no se puede dar custodia al padre. Sin dejar al juez valorar el caso concreto. Debe ser que pensar con autonom\u00eda no es pol\u00edticamente correcto.<\/p>\n","protected":false},"excerpt":{"rendered":"<p>La que ha liado el juez Miguel S\u00e1nchez Gasca, titular del juzgado de Violencia Sobre la Mujer de Ja\u00e9n, con un auto en el que critica duramente la Ley que impide a un padre acceder a la custodia compartida de sus dos hijos si hay una denuncia contra \u00e9l por violencia contra la mujer, al [&hellip;]<\/p>\n","protected":false},"author":6,"featured_media":0,"comment_status":"open","ping_status":"closed","sticky":false,"template":"","format":"standard","meta":[],"categories":[2],"tags":[],"_links":{"self":[{"href":"https:\/\/blogs.ideal.es\/abocajarro\/wp-json\/wp\/v2\/posts\/54"}],"collection":[{"href":"https:\/\/blogs.ideal.es\/abocajarro\/wp-json\/wp\/v2\/posts"}],"about":[{"href":"https:\/\/blogs.ideal.es\/abocajarro\/wp-json\/wp\/v2\/types\/post"}],"author":[{"embeddable":true,"href":"https:\/\/blogs.ideal.es\/abocajarro\/wp-json\/wp\/v2\/users\/6"}],"replies":[{"embeddable":true,"href":"https:\/\/blogs.ideal.es\/abocajarro\/wp-json\/wp\/v2\/comments?post=54"}],"version-history":[{"count":0,"href":"https:\/\/blogs.ideal.es\/abocajarro\/wp-json\/wp\/v2\/posts\/54\/revisions"}],"wp:attachment":[{"href":"https:\/\/blogs.ideal.es\/abocajarro\/wp-json\/wp\/v2\/media?parent=54"}],"wp:term":[{"taxonomy":"category","embeddable":true,"href":"https:\/\/blogs.ideal.es\/abocajarro\/wp-json\/wp\/v2\/categories?post=54"},{"taxonomy":"post_tag","embeddable":true,"href":"https:\/\/blogs.ideal.es\/abocajarro\/wp-json\/wp\/v2\/tags?post=54"}],"curies":[{"name":"wp","href":"https:\/\/api.w.org\/{rel}","templated":true}]}}