{"id":556,"date":"2012-07-05T00:00:32","date_gmt":"2012-07-04T23:00:32","guid":{"rendered":"http:\/\/blogs.ideal.es\/abocajarro\/?p=556"},"modified":"2012-07-05T00:00:32","modified_gmt":"2012-07-04T23:00:32","slug":"el-curro","status":"publish","type":"post","link":"https:\/\/blogs.ideal.es\/abocajarro\/2012\/07\/05\/el-curro\/","title":{"rendered":"Chorizos y polic\u00edas"},"content":{"rendered":"<p>Francisco M.M. , el Curro, de 34 a\u00f1os, sigue dando que hablar tras sumar su detenci\u00f3n n\u00famero 52 esta semana. La jueza del 4 lo puso en la calle a la espera de juicio despu\u00e9s de que lo cogiesen otra vez robando un comercio. Tiene el hombre facilidad para dos cosas: una es para reventar persianas de comercios. La otra, para que lo coja la Polic\u00eda. En abril rond\u00f3 el selecto club de +50 por la puerta grande, con dos detenciones en menos de 24 horas, y desde entonces ha sumado tres m\u00e1s, por robo y quebrantamiento, y lo que te rondar\u00e9 morena. \u00a0Sus andanzas de chorizo de poca monta (roba cuando le aprieta el mono) han tenido cierta trascendencia, pues llegaron a provocar un cisma entre la Polic\u00eda y Fiscal\u00eda.<br \/>\nTras una de las muchas veces que Francisco pas\u00f3 la noche en el calabozo (all\u00e1 por el invierno pasado) un juez lo puso en libertad con cargos a la espera de juicio. El comisario Salgado (ahora en Marbella) peg\u00f3 una rajada \u00a0acusando a los fiscales de permitir que siguiese en la calle y de faltar a sus obligaciones contra el delito. Una rajada que a\u00fan sonroja a muchos polic\u00edas (por aquello del Estado de Derecho, mayormente) y que hace que el nuevo comisario, Jes\u00fas Herranz, tenga que ir por ah\u00ed explicando lo mucho que han cambiado las cosas con su llegada.<br \/>\nVaya que si han cambiado. La &#8216;patrulla semiest\u00e1tica&#8217; \u00a0que de jueves a domingo y durante muchos meses estuvo de madrugada clavada ante un conocido local de ocio de Ja\u00e9n ha desaparecido, y ahora los dos agentes que guardaban puerta all\u00ed est\u00e1n patrullando las calles, en busca de chorizos como Francisco M.M., el Curro, al que se volver\u00e1n a encontrar la pr\u00f3xima vez que apriete el mono. Es el juego eterno de chorizos y polic\u00edas.<\/p>\n","protected":false},"excerpt":{"rendered":"<p>Francisco M.M. , el Curro, de 34 a\u00f1os, sigue dando que hablar tras sumar su detenci\u00f3n n\u00famero 52 esta semana. La jueza del 4 lo puso en la calle a la espera de juicio despu\u00e9s de que lo cogiesen otra vez robando un comercio. Tiene el hombre facilidad para dos cosas: una es para reventar [&hellip;]<\/p>\n","protected":false},"author":6,"featured_media":0,"comment_status":"open","ping_status":"closed","sticky":false,"template":"","format":"standard","meta":[],"categories":[2],"tags":[],"_links":{"self":[{"href":"https:\/\/blogs.ideal.es\/abocajarro\/wp-json\/wp\/v2\/posts\/556"}],"collection":[{"href":"https:\/\/blogs.ideal.es\/abocajarro\/wp-json\/wp\/v2\/posts"}],"about":[{"href":"https:\/\/blogs.ideal.es\/abocajarro\/wp-json\/wp\/v2\/types\/post"}],"author":[{"embeddable":true,"href":"https:\/\/blogs.ideal.es\/abocajarro\/wp-json\/wp\/v2\/users\/6"}],"replies":[{"embeddable":true,"href":"https:\/\/blogs.ideal.es\/abocajarro\/wp-json\/wp\/v2\/comments?post=556"}],"version-history":[{"count":0,"href":"https:\/\/blogs.ideal.es\/abocajarro\/wp-json\/wp\/v2\/posts\/556\/revisions"}],"wp:attachment":[{"href":"https:\/\/blogs.ideal.es\/abocajarro\/wp-json\/wp\/v2\/media?parent=556"}],"wp:term":[{"taxonomy":"category","embeddable":true,"href":"https:\/\/blogs.ideal.es\/abocajarro\/wp-json\/wp\/v2\/categories?post=556"},{"taxonomy":"post_tag","embeddable":true,"href":"https:\/\/blogs.ideal.es\/abocajarro\/wp-json\/wp\/v2\/tags?post=556"}],"curies":[{"name":"wp","href":"https:\/\/api.w.org\/{rel}","templated":true}]}}