{"id":557,"date":"2012-07-15T18:02:33","date_gmt":"2012-07-15T17:02:33","guid":{"rendered":"http:\/\/blogs.ideal.es\/abocajarro\/?p=557"},"modified":"2012-07-15T18:02:33","modified_gmt":"2012-07-15T17:02:33","slug":"victoria-pese-a-los-desertores","status":"publish","type":"post","link":"https:\/\/blogs.ideal.es\/abocajarro\/2012\/07\/15\/victoria-pese-a-los-desertores\/","title":{"rendered":"Victoria pese a los desertores"},"content":{"rendered":"<p><object width=\"560\" height=\"315\" classid=\"clsid:d27cdb6e-ae6d-11cf-96b8-444553540000\" codebase=\"http:\/\/download.macromedia.com\/pub\/shockwave\/cabs\/flash\/swflash.cab#version=6,0,40,0\"><param name=\"allowFullScreen\" value=\"true\" \/><param name=\"allowscriptaccess\" value=\"always\" \/><param name=\"src\" value=\"http:\/\/www.youtube.com\/v\/WERw8hiCy-Y?version=3&#038;hl=es_ES\" \/><param name=\"allowfullscreen\" value=\"true\" \/><embed width=\"560\" height=\"315\" type=\"application\/x-shockwave-flash\" src=\"\/\/www.youtube.com\/v\/WERw8hiCy-Y?version=3&#038;hl=es_ES\" allowFullScreen=\"true\" allowscriptaccess=\"always\" allowfullscreen=\"true\" \/><\/object><\/p>\n<p>Magn\u00edfico el ambiente en torno a la batalla de las Navas de Tolosa del que se ha podido disfrutar este fin de semana. La mayor recreaci\u00f3n que se ha hecho nunca en Espa\u00f1a de un hecho de armas del Medievo, dicen algunos de los participantes consultados. Se ha podido vivir la Historia estos d\u00edas en las Navas. Se ha respirado el olor de un campamento mediaval, sus sonidos. Se ha podido compartir vino y comida con veteranos de armas que contaban viejos lances y que esperaban ansiosos al alba para despertar sus aceros otra vez. Se han escuchado otra vez en el desfiladero los gritos de &#8216;Allauh Akbar&#8217;, Al\u00e1 es el m\u00e1s grande, y los Santiagos, San Jorge y otros v\u00edtores de la tropa cristiana. Se ha sentido la tensi\u00f3n previa a la batalla, el estuendo de las armas al chocar, el retumbar del suelo cuando carga la caballer\u00eda, el lamento de los heridos, los cantos de los vencedores &#8230; La Historia. Aunque la conmemoraci\u00f3n deja una lecci\u00f3n: de la Historia no se aprende, y caemos en los errores una y otra vez.<br \/>\nHay una historia sobre las Navas que viene al pelo. Cuando los reyes cristianos deciden enfrentarse al Miramamol\u00edn de frente y por derecho, una parte de las tropas cristianas volvi\u00f3 grupas. No por miedo, que en otras peores se hab\u00edan visto. Por codicia. Hab\u00edan ido a la Cruzada por el bot\u00edn. No quer\u00edan una batalla a campo abierto. Quer\u00edan entrar a saco en Al Aldalus y llevarse cuantas m\u00e1s riquezas mejor. Profesionales de la guerra, a quienes la Historia, la gloria de los reyes y el honor se la tra\u00edan al pairo. Lo suyo era una empresa, un negocio por cuenta propia.<br \/>\nPues de la recreaci\u00f3n de las Navas tambi\u00e9n hay quien ha desertado. Profesionales de lo suyo. Invierten dinerales en una Ruta de los Castillos y las Batallas, se gastan los cuartos en car\u00edsimas promociones en Londres si hace falta, pero no est\u00e1n cuando m\u00e1s se les necesita y cuando m\u00e1s rentabilidad pueden lograr sin salir de Ja\u00e9n. Y no aprenden de la Historia, porque les pas\u00f3 lo mismo cuando el Bicentenario de la batalla de Bail\u00e9n. Excusas, todas las del mundo. La realidad es que no han querido pelear para que luzca un alcalde de otro signo pol\u00edtico. As\u00ed que lanzan una cortina de humo para justificarse (son expertos, ll\u00e1menlo congresos internacionales de andar por casa, otras veces son concursos de ideas cuando la ocasi\u00f3n lo requiere) y escurren el bulto. Ya habr\u00e1 otra donde tengan su foto. Pero no van a pelear para no obtener el bot\u00edn y compartir la gloria.<\/p>\n<p>Ojo, que tampoco han estado muy listos en Madrid: ni el Ministerio de Defensa ha hecho ning\u00fan esfuerzo para conmemorar uno de los hechos de armas m\u00e1s trascendentes de nuestra Historia. Con la deserci\u00f3n de los pol\u00edticos (s\u00f3lo el alcalde de La Carolina, Francisco Gallar\u00edn,\u00a0se ha mojado de verdad) han sido ciudadanos de a pie quienes han puesto las cosas en su sitio: 350 apasionados de la Historia que han llegado desde todas los rincones de Espa\u00f1a con sus armaduras, sus espadas, sus caballos y sus ilusiones.<br \/>\nLa explicaci\u00f3n a tanto reparo pol\u00edtico puede estar en algo muy comentado entre recreacionistas y visitantes, como es el dise\u00f1o del contenido del Museo de las Navas de Tolosa de Santa Elena. No s\u00f3lo porque se considere m\u00e1s o menos flojo, que lo es, sino por el v\u00eddeo que se exhibe como colof\u00f3n de la visita, una oda a la alianza de civilizaciones, al buen rollito (se inaugur\u00f3 en 2009, en pleno Zapaterismo) y a lo pol\u00edticamente correcto, como si hubiera que pedir perd\u00f3n por\u00a0 un museo levantado para conmemorar una batalla que contribuy\u00f3 a hacernos lo que somos hoy. La Historia es la que es, no la que a uno le interesa (y cito de memoria &#8216;El lector de Julio Verne&#8217;, de Almudena Grandes).<br \/>\nLo mejor de los actos que culminan el lunes 16 de julio, justo el d\u00eda del Octavo Centenario de la Batalla, es que han sido un \u00e9xito. Podr\u00edan haber sido un \u00e9xito mayor a\u00fan. Cierto. Si todos hubieran arrimado el hombro, claro. Pero creo que el objetivo est\u00e1 cumplido. Le pese a quien le pese. Y pese a las deserciones de los profesionales de lo suyo.<\/p>\n","protected":false},"excerpt":{"rendered":"<p>Magn\u00edfico el ambiente en torno a la batalla de las Navas de Tolosa del que se ha podido disfrutar este fin de semana. La mayor recreaci\u00f3n que se ha hecho nunca en Espa\u00f1a de un hecho de armas del Medievo, dicen algunos de los participantes consultados. Se ha podido vivir la Historia estos d\u00edas en [&hellip;]<\/p>\n","protected":false},"author":6,"featured_media":0,"comment_status":"open","ping_status":"closed","sticky":false,"template":"","format":"standard","meta":[],"categories":[2],"tags":[],"_links":{"self":[{"href":"https:\/\/blogs.ideal.es\/abocajarro\/wp-json\/wp\/v2\/posts\/557"}],"collection":[{"href":"https:\/\/blogs.ideal.es\/abocajarro\/wp-json\/wp\/v2\/posts"}],"about":[{"href":"https:\/\/blogs.ideal.es\/abocajarro\/wp-json\/wp\/v2\/types\/post"}],"author":[{"embeddable":true,"href":"https:\/\/blogs.ideal.es\/abocajarro\/wp-json\/wp\/v2\/users\/6"}],"replies":[{"embeddable":true,"href":"https:\/\/blogs.ideal.es\/abocajarro\/wp-json\/wp\/v2\/comments?post=557"}],"version-history":[{"count":0,"href":"https:\/\/blogs.ideal.es\/abocajarro\/wp-json\/wp\/v2\/posts\/557\/revisions"}],"wp:attachment":[{"href":"https:\/\/blogs.ideal.es\/abocajarro\/wp-json\/wp\/v2\/media?parent=557"}],"wp:term":[{"taxonomy":"category","embeddable":true,"href":"https:\/\/blogs.ideal.es\/abocajarro\/wp-json\/wp\/v2\/categories?post=557"},{"taxonomy":"post_tag","embeddable":true,"href":"https:\/\/blogs.ideal.es\/abocajarro\/wp-json\/wp\/v2\/tags?post=557"}],"curies":[{"name":"wp","href":"https:\/\/api.w.org\/{rel}","templated":true}]}}