{"id":57,"date":"2010-01-10T19:59:00","date_gmt":"2010-01-10T19:59:00","guid":{"rendered":"http:\/\/blogs.ideal.es\/abocajarro\/?p=57"},"modified":"2010-01-10T19:59:00","modified_gmt":"2010-01-10T19:59:00","slug":"nevada-caliente","status":"publish","type":"post","link":"https:\/\/blogs.ideal.es\/abocajarro\/2010\/01\/10\/nevada-caliente\/","title":{"rendered":"Nevada caliente"},"content":{"rendered":"<p><IMG id=img_0 src=\"\/\/farm5.static.flickr.com\/4042\/4262687919_ef2fd0ee22.jpg\"><\/p>\n<p>La foto es del Paseo de las Bicicletas. La figura negra entre tanto blanco, las ramas de los \u00e1rboles. Me parece po\u00e9tica. Aunque no es tarde para muchas poes\u00edas. En plena nevada, un cami\u00f3n pega el patinazo en Campillo de Arenas y corta la A-44, un tractor se empotra contra una casa en Ba\u00f1os de la Encina, decenas de guardias civiles se juegan el tipo para embolsar camiones en \u00e1reas de servicio y, en estas, el concejal del PP Miguel Segovia ya est\u00e1 denunciando que la ciudad de Ja\u00e9n est\u00e1 sumida en el caos y que no se est\u00e1 haciendo nada contra la nieve y el hielo pese a las predicciones meteorol\u00f3gicas. El Ayuntamiento me dice que c\u00f3mo que no, que se est\u00e1 echando sal en pr\u00e1cticamente toda la ciudad. Es como la trifulca entre Armijo y Valdivielso, pero en plan local. Lo que dije para aquellos vale para \u00e9stos. Porque a saleroso, a Segovia no le gana nadie. Se ve que se calientan con tanta nieve. Pero yo me quedo con la incertidumbre de d\u00f3nde ir\u00e1 la figura negra que se interna en el parque nevado.<\/p>\n","protected":false},"excerpt":{"rendered":"<p>La foto es del Paseo de las Bicicletas. La figura negra entre tanto blanco, las ramas de los \u00e1rboles. Me parece po\u00e9tica. Aunque no es tarde para muchas poes\u00edas. En plena nevada, un cami\u00f3n pega el patinazo en Campillo de Arenas y corta la A-44, un tractor se empotra contra una casa en Ba\u00f1os de [&hellip;]<\/p>\n","protected":false},"author":6,"featured_media":0,"comment_status":"open","ping_status":"closed","sticky":false,"template":"","format":"standard","meta":[],"categories":[2],"tags":[],"_links":{"self":[{"href":"https:\/\/blogs.ideal.es\/abocajarro\/wp-json\/wp\/v2\/posts\/57"}],"collection":[{"href":"https:\/\/blogs.ideal.es\/abocajarro\/wp-json\/wp\/v2\/posts"}],"about":[{"href":"https:\/\/blogs.ideal.es\/abocajarro\/wp-json\/wp\/v2\/types\/post"}],"author":[{"embeddable":true,"href":"https:\/\/blogs.ideal.es\/abocajarro\/wp-json\/wp\/v2\/users\/6"}],"replies":[{"embeddable":true,"href":"https:\/\/blogs.ideal.es\/abocajarro\/wp-json\/wp\/v2\/comments?post=57"}],"version-history":[{"count":0,"href":"https:\/\/blogs.ideal.es\/abocajarro\/wp-json\/wp\/v2\/posts\/57\/revisions"}],"wp:attachment":[{"href":"https:\/\/blogs.ideal.es\/abocajarro\/wp-json\/wp\/v2\/media?parent=57"}],"wp:term":[{"taxonomy":"category","embeddable":true,"href":"https:\/\/blogs.ideal.es\/abocajarro\/wp-json\/wp\/v2\/categories?post=57"},{"taxonomy":"post_tag","embeddable":true,"href":"https:\/\/blogs.ideal.es\/abocajarro\/wp-json\/wp\/v2\/tags?post=57"}],"curies":[{"name":"wp","href":"https:\/\/api.w.org\/{rel}","templated":true}]}}