{"id":571,"date":"2012-09-04T11:35:53","date_gmt":"2012-09-04T10:35:53","guid":{"rendered":"http:\/\/blogs.ideal.es\/abocajarro\/?p=571"},"modified":"2012-09-04T11:35:53","modified_gmt":"2012-09-04T10:35:53","slug":"los-templarios-regresan-jaen","status":"publish","type":"post","link":"https:\/\/blogs.ideal.es\/abocajarro\/2012\/09\/04\/los-templarios-regresan-jaen\/","title":{"rendered":"Los Templarios regresan a Ja\u00e9n"},"content":{"rendered":"<p><strong><a href=\"https:\/\/blogs.ideal.es\/abocajarro\/2012\/09\/04\/los-templarios-regresan-jaen\/investidura\/\" rel=\"attachment wp-att-572\"><img loading=\"lazy\" class=\"aligncenter  wp-image-572\" title=\"investidura\" src=\"\/abocajarro\/wp-content\/uploads\/sites\/10\/2012\/09\/investidura-300x103.jpg\" alt=\"\" width=\"598\" height=\"155\" \/><\/a><\/strong><\/p>\n<p><strong><\/strong>\u00a0<\/p>\n<p><strong>Los templarios resucitan en Ja\u00e9n<\/strong><\/p>\n<p>AL <span style=\"font-size: x-small;\"><span style=\"font-family: Brioni Text Std Extra Light; font-size: x-small;\"><span style=\"font-family: Brioni Text Std Extra Light; font-size: x-small;\">romper el alba del 16 de julio de 1212 una hueste de caballeros templarios entr\u00f3 por primera vez en Ja\u00e9n, como parte del ej\u00e9rcito cristiano que pele\u00f3 con la bandera de la Cruz en las Navas de Tolosa. Ese d\u00eda buena parte de ellos acabaron tendidos en Despe\u00f1aperros, muertos tras batirse en lo m\u00e1s recio de la batalla. Otros muchos, con su maestre G\u00f3mez Ram\u00edrez dando ejemplo, quedaron tan malheridos que conocer\u00edan de primera mano el nombre y los secretos del Creador poco despu\u00e9s. De aquello han pasado 800 a\u00f1os. Y el esp\u00edritu y los s\u00edmbolos que dieron sentido a la vida y la muerte de aquel maestre G\u00f3mez Ram\u00edrez resucitan en el Santo Reino. En los \u00faltimos meses, al menos dos organizaciones herederas del Temple han irrumpido en la provincia con proyectos de relevancia. Adem\u00e1s, una excavaci\u00f3n ha encontrado en el Condado lo que se ha querido ver como restos de una l\u00e1pida templaria. Todo en una tierra donde historiadores, estudiosos y aficionados al mundo esot\u00e9rico sit\u00faan indicios y se\u00f1ales del mundo de misterio y leyenda que siempre rodea las historias de la Orden tras 1312, cuando por la bula \u2018Vox in Excelsi\u2019, de Clemente V, se suprimi\u00f3 el Temple y se confiscaron sus tesoros.<\/span><\/span><\/span><\/p>\n<p>\u00abEn realidad la orden nunca desaparece, sino que pas\u00f3 a la clandestinidad con distintas formas como la masoner\u00eda o los \u2018iluminati\u2019\u00bb, explica setecientos a\u00f1os despu\u00e9s Diego Moya, regente de la Tercia de Martos de la Orden Soberana y Militar del Temple de Jerusal\u00e9n, que resucit\u00f3 la historia p\u00fablica de los templarios en Ja\u00e9n el 22 de abril pasado con una misa en la parroquia de San Amador y Santa Ana.<\/p>\n<p>Los cinco templarios de Ja\u00e9n de esta rama son un funcionario del Cuerpo Nacional de Polic\u00eda, otro funcionario de Ayuntamiento, un maestro, un empresario y un trabajador asalariado. \u00abLa dualidad monje-guerrero se mantiene adaptada a los tiempos. Luchamos contra la injusticia venga de donde venga. Adem\u00e1s, oramos. Todos los d\u00edas v\u00edsperas, y los jueves nos reunimos para ir a misa. Parte de nuestro tiempo se lo dedicamos adem\u00e1s a enfermos, gente que vive sola, y apoyamos econ\u00f3micamente a familias en situaci\u00f3n de necesidad\u00bb, explica Moya.<\/p>\n<p>Jur\u00eddicamente la Tercia de Martos forma parte de una asociaci\u00f3n sin \u00e1nimo de lucro, inscrita como tal en el Ministerio del Interior y sin vinculaci\u00f3n org\u00e1nica alguna con la Iglesia Cat\u00f3lica. A\u00fan as\u00ed, la sede se ubica en los salones parroquiales de San Amador y los miembros de la asociaci\u00f3n se llaman entre ellos \u2018frey\u2019, hermano.<\/p>\n<p>La organizaci\u00f3n habla en un bolet\u00edn interno de \u00abnormalizaci\u00f3n de sus relaciones con la Iglesia Cat\u00f3lica\u00bb. En enero pasado varios de los hermanos de Ja\u00e9n fueron investidos en una solemne ceremonia en la catedral de Coria (C\u00e1ceres). Cada uno de los nuevos \u2018frey\u2019 se hinc\u00f3 de rodillas en el altar mayor, pronunci\u00f3 su juramento y el gran maestre le toc\u00f3 con la espada en la cabeza y los hombros, en nombre del Padre, del Hijo y del Esp\u00edritu Santo, como manda el viejo rito de caballer\u00eda. El juramento se hizo en presencia de los obispos de Coria, Albacete y Plasencia, en una misa celebrada por monse\u00f1or Garc\u00eda Aracil, antes obispo de Ja\u00e9n y ahora arzobispo de M\u00e9rida-Badajoz.<\/p>\n<p>Los nuevos templarios de Ja\u00e9n han lucido ya uniforme y capas blancas con cruces \u2018pat\u00e9\u2019 o patriarcales en actos como la procesi\u00f3n del Corpus de Martos, los actos del octavo centenario de la batalla de las Navas de Tolosa o reuniones con el Obispado. \u00abNos hemos puesto a su disposici\u00f3n\u00bb, indica Moya.<\/p>\n<p><a href=\"https:\/\/blogs.ideal.es\/abocajarro\/2012\/09\/04\/los-templarios-regresan-jaen\/549679_365137160222608_245501605_n\/\" rel=\"attachment wp-att-573\"><img loading=\"lazy\" class=\"aligncenter size-medium wp-image-573\" title=\"549679_365137160222608_245501605_n\" src=\"\/abocajarro\/wp-content\/uploads\/sites\/10\/2012\/09\/549679_365137160222608_245501605_n-300x168.jpg\" alt=\"\" width=\"300\" height=\"168\" \/><\/a><\/p>\n<p>Para ser templario hay que superar tres a\u00f1os de formaci\u00f3n. Se arranca como postulante: mayor de edad, sin antecedentes penales y cristiano (no necesariamente cat\u00f3lico). Ir\u00e1 pasando por distintos grados: sargento de cap\u00edtulo, caballero de cap\u00edtulo y caballero profeso. S\u00f3lo entonces tendr\u00e1 acceso al tesoro de conocimiento templario.<\/p>\n<p>Adem\u00e1s de la de Ja\u00e9n, hay tercias de esta rama en Alicante, Almer\u00eda, La Coru\u00f1a, C\u00f3rdoba, Granada, M\u00e1laga, Sevilla y Navarra. Si la agrupaci\u00f3n pasa de los nueve miembros, cinco de ellos caballeros, es una encomienda. Las hay en Madrid, Barcelona y Murcia. La asociaci\u00f3n tiene casas en otras 25 provincias.<\/p>\n<p>Con semejante implantaci\u00f3n, sin embargo, la Orden Soberana y Militar del Temple de Jerusal\u00e9n \u00abha puesto los ojos en Ja\u00e9n\u00bb para un proyecto de envergadura nacional: la Casa del Temple en Espa\u00f1a. \u00abYa ha habido conversaciones con los ayuntamientos de La Carolina y Santa Elena. Ser\u00eda un proyecto en tres fases: un hotel rural tem\u00e1tico, un alojamiento para personas en riesgo de exclusi\u00f3n social y una casa para templarios\u00bb, explica Moya.<\/p>\n<p>No es la \u00fanica asociaci\u00f3n templaria que ha puesto sus ojos en Ja\u00e9n. El Gran Priorato Espa\u00f1ol de los Templarios anunci\u00f3 en julio su decisi\u00f3n de fijar en \u00dabeda su sede nacional. Esta rama es una fundaci\u00f3n de la SOET (Supernus Ordo Equester Templi), cuyo Gran Magisterio se encuentra en Italia desde aproximadamente 300 a\u00f1os. \u00abJa\u00e9n, por nosotros llamada Encomienda del Santo Reino, tiene desde este a\u00f1o 15 hermanos y tenemos otras 20 solicitudes de ingreso. Abogados, ingenieros, empresarios, profesores, trabajadores de la limpieza&#8230; En julio de este a\u00f1o nuestro Gran Maestre Danilo Riccioli declar\u00f3 \u00dabeda como sede del Gran Priorato. Es donde comenzamos nuestra andadura en Espa\u00f1a en 2011, y siempre hemos tenido una gran acogida aqu\u00ed\u00bb, ha explicado Jos\u00e9 Luis Ruiz Romero, maestre espa\u00f1ol de la orden.<\/p>\n<p><a href=\"https:\/\/blogs.ideal.es\/abocajarro\/2012\/09\/04\/los-templarios-regresan-jaen\/cdj8-f1-francis\/\" rel=\"attachment wp-att-574\"><img loading=\"lazy\" class=\"aligncenter size-medium wp-image-574\" title=\"CD#J8 F1 FRANCIS\" src=\"\/abocajarro\/wp-content\/uploads\/sites\/10\/2012\/09\/castillo-ot\u00ed\u00f1ar2-200x300.jpg\" alt=\"\" width=\"200\" height=\"300\" \/><\/a><\/p>\n<p>\u00bfQu\u00e9 une tanto a Ja\u00e9n con los templarios? Desde las Navas, templarios y \u00f3rdenes de caballer\u00eda tuvieron una fuerte implantaci\u00f3n en la provincia, zona de frontera. Templario fue el castillo de Ot\u00ed\u00f1ar. Y templario se piensa que fue el castillo de La Iruela y su iglesia, cuesti\u00f3n que discute Eslava Gal\u00e1n en \u2018Los Templarios y la Mesa de Salom\u00f3n\u2019. Cree Eslava que el castillo nunca fue del Temple, sino del Arzobispado de Toledo. Pero \u00aba principios del siglo XX existi\u00f3 una logia neotemplaria que celebr\u00f3 ceremonias secretas en las ruinas de esta iglesia (&#8230;) que se construy\u00f3 cuando hac\u00eda ya doscientos a\u00f1os que hab\u00edan desaparecido los templarios. No obstante, si los secretos del Temple se transmitieron a otras organizaciones, hay razones para creer que don Francisco de los Cobos, el constructor de esta iglesia, perteneciera a una de ellas. No s\u00e9 si ha o\u00eddo hablar del todopoderoso secretario del emperador Carlos V. \u00c9l edific\u00f3 este templo siendo se\u00f1or de La Iruela. El de los Cobos era muy aficionado a la arquitectura y admiraba a Vandelvira\u00bb.<\/p>\n<p>La referencia a Vandelvira lleva directamente a la Catedral de Ja\u00e9n, en la que muchos quieren ver se\u00f1ales y s\u00edmbolos para iniciados en los secretos de los templarios, la masoner\u00eda y el esoterismo: esferas, cruces tau, se\u00f1ales de canter\u00eda, en el coro, en g\u00e1rgolas. \u00abLa Catedral misma es el cofre y los misterios que guarda. Bajo este suelo, en estas paredes, en las miradas de los \u00e1ngeles, de los santos, de los obispos de palo o de piedra que nos contemplan desde todas partes, indiferentes al tiempo, en apariencia mudos, pero bastante elocuentes para el que sepa escuchar\u00bb, escribe Eslava sobre la obra de Andr\u00e9s de Vandelvira, \u00abun arquitecto iniciado en los secretos de los antiguos constructores. Traz\u00f3 la catedral de Ja\u00e9n con el n\u00famero de oro, la \u00e1urea proporci\u00f3n transmitida desde Egipto a Grecia, pasando por el Templo de Salom\u00f3n\u00bb.<\/p>\n<p>\u00abEn realidad la orden nunca desaparece\u00bb, recuerda hoy \u2018frey\u2019 Moya. Una \u2018ruta m\u00e1gica\u2019 que lleg\u00f3 a proponer la Universidad de Ja\u00e9n en su p\u00e1gina web bajo el ep\u00edgrafe \u2018Ja\u00e9n en 48 horas\u2019 recuerda la presencia en Ja\u00e9n del tesorero del Papa Le\u00f3n X Gutierre Doncel, que en 1515 mand\u00f3 edificar la Sacra Capilla de San Andr\u00e9s \u00aby al que se mand\u00f3 colgar de los test\u00edculos para que le dijera donde guardaba sus tesoros\u00bb. O al obispo Su\u00e1rez de la Fuente del Sauce, el obispo insepulto que lleg\u00f3 a Ja\u00e9n en 1500 y cuyos restos se guardan en un arc\u00f3n, \u00abque empez\u00f3 una catedral, mand\u00f3 tallar la siller\u00eda del coro llena de s\u00edmbolos para iniciados y construy\u00f3 un puente para llegar de Baeza a Ja\u00e9n\u00bb. Y se refiere a Mu\u00f1oz Garnica (\u00dabeda, 1821), \u00abcan\u00f3nigo de la Catedral sin bienes ni fortuna pero rico en obras de caridad\u00bb.<\/p>\n<p>\u00bfEstar\u00eda en Ja\u00e9n el m\u00edtico tesoro de los templarios? \u00bfLa fabulosa Mesa de Salom\u00f3n\u2019? \u00bfSer\u00eda esa la fuente de las enormes riquezas de los iniciados que buscaron respuestas en la provincia? \u00abEl tesoro de los templarios es un tesoro de conocimiento\u00bb, resume el hermano Moya. Los autores que han explotado la veta literaria templaria hablan de la \u00e1urea proporci\u00f3n, de la c\u00e1bala, de geometr\u00edas perfectas, \u00abel nombre verdadero de Dios: el Shem Shemaforash, que no puede escribirse jam\u00e1s y s\u00f3lo debe pronunciarse para provocar el acto de crear\u00bb, seg\u00fan resume Eslava.<\/p>\n<p>Esos secretos los han buscado bajo tierra este verano en Venta de los Santos (Montiz\u00f3n), donde investigadores y voluntarios han encontrado algo que creen que puede tener relaci\u00f3n con la Piedra del Letrero o L\u00e1pida Templaria: seg\u00fan la literatura esot\u00e9rica un duplicado del Arca de la Alianza o Mesa de Salom\u00f3n, que algunos han situado en el Cortijo Canuto. La Asociaci\u00f3n para el Desarrollo Rural del Condado, Asodeco, promovi\u00f3 la b\u00fasqueda que dio con una gran piedra con figuras talladas. Y una primera figura esquem\u00e1tica en la que se observa el perfil de una cabeza con yelmo circular y una cruz grabada en el pecho.<\/p>\n<p>\u00abEsa piedra tiene algo\u00bb, han llegado a decir los que la han visto. No consta que arque\u00f3logos de Cultura hayan analizado el hallazgo. Por eso a\u00fan es un misterio si es una piedra vulgar o tiene que ver con el secreto de conocimiento por el que dio su vida el maestre Ram\u00edrez G\u00f3mez en las Navas de Tolosa en 1212, o con esos mismos tesoros del saber que inspiran a los nuevos templarios que han resucitado la orden en Ja\u00e9n 800 a\u00f1os despu\u00e9s.<\/p>\n<p>&nbsp;<\/p>\n<p>\u00a0<strong>Una ruta tur\u00edstica y literaria por la provincia<\/strong><\/p>\n<p><span style=\"font-family: Brioni Text Std Extra Light; font-size: x-small;\">Una relaci\u00f3n de puntos de la provincia de Ja\u00e9n conectados con el esoterismo y secretos de alguna forma vinculados al universo templario ser\u00eda muy extensa. Muy famosa es la \u2018l\u00ednea tel\u00farica de Ja\u00e9n\u2019, donde los aficionados al misterio quieren ver fuerzas y poderes ocultos en l\u00ednea recta desde el Cerro Perulera al raudal de la Magdalena y su lagarto, las iglesias de San Bartolom\u00e9 y San Juan, la catedral, las pinturas rupestres de los Ca\u00f1ones, el dolmen de Cerro Veleta, los petroglifos de La Tina y el castillo templario de Ot\u00ed\u00f1ar como extremo. Tambi\u00e9n se atribuyen ricas simbolog\u00edas a las v\u00edrgenes negras. No hay m\u00e1s que pensar la patrona de la di\u00f3cesis de Ja\u00e9n, la Virgen de la Cabeza, es \u2018La Morenita\u2019. Y est\u00e1n los castillos calatravos de Martos y V\u00edboras, donde hay quien quiere ver las columnas de H\u00e9rcules y posibles escondites para la Mesa de Salom\u00f3n.<\/span><\/p>\n<p>El escritor de Arjona Juan Eslava Gal\u00e1n ha sido el que m\u00e1s ha explotado esta veta templaria en Ja\u00e9n. T\u00edtulos como \u2018Los templarios y la Mesa de Salom\u00f3n\u2019 o \u2018La l\u00e1pida templaria\u2019 (publicada con el pseud\u00f3nimo de Nicol\u00e1s Wilcox) son ya cl\u00e1sicos sobre el tema. Constancio Zamora Moreno, escribi\u00f3 \u2018La Piedra del Letrero, los Templarios\u2019, donde llega a relatar que el mism\u00edsimo Hitler envi\u00f3 una expedici\u00f3n al Condado en 1943 para descubrir la piedra.<\/p>\n<p>\u00a0Publicado en IDEAL el 2 de septiembre de 2012<\/p>\n<p>&nbsp;<\/p>\n","protected":false},"excerpt":{"rendered":"<p>\u00a0 Los templarios resucitan en Ja\u00e9n AL romper el alba del 16 de julio de 1212 una hueste de caballeros templarios entr\u00f3 por primera vez en Ja\u00e9n, como parte del ej\u00e9rcito cristiano que pele\u00f3 con la bandera de la Cruz en las Navas de Tolosa. Ese d\u00eda buena parte de ellos acabaron tendidos en Despe\u00f1aperros, [&hellip;]<\/p>\n","protected":false},"author":6,"featured_media":0,"comment_status":"open","ping_status":"closed","sticky":false,"template":"","format":"standard","meta":[],"categories":[2],"tags":[],"_links":{"self":[{"href":"https:\/\/blogs.ideal.es\/abocajarro\/wp-json\/wp\/v2\/posts\/571"}],"collection":[{"href":"https:\/\/blogs.ideal.es\/abocajarro\/wp-json\/wp\/v2\/posts"}],"about":[{"href":"https:\/\/blogs.ideal.es\/abocajarro\/wp-json\/wp\/v2\/types\/post"}],"author":[{"embeddable":true,"href":"https:\/\/blogs.ideal.es\/abocajarro\/wp-json\/wp\/v2\/users\/6"}],"replies":[{"embeddable":true,"href":"https:\/\/blogs.ideal.es\/abocajarro\/wp-json\/wp\/v2\/comments?post=571"}],"version-history":[{"count":0,"href":"https:\/\/blogs.ideal.es\/abocajarro\/wp-json\/wp\/v2\/posts\/571\/revisions"}],"wp:attachment":[{"href":"https:\/\/blogs.ideal.es\/abocajarro\/wp-json\/wp\/v2\/media?parent=571"}],"wp:term":[{"taxonomy":"category","embeddable":true,"href":"https:\/\/blogs.ideal.es\/abocajarro\/wp-json\/wp\/v2\/categories?post=571"},{"taxonomy":"post_tag","embeddable":true,"href":"https:\/\/blogs.ideal.es\/abocajarro\/wp-json\/wp\/v2\/tags?post=571"}],"curies":[{"name":"wp","href":"https:\/\/api.w.org\/{rel}","templated":true}]}}