{"id":575,"date":"2012-09-05T09:26:50","date_gmt":"2012-09-05T08:26:50","guid":{"rendered":"http:\/\/blogs.ideal.es\/abocajarro\/?p=575"},"modified":"2012-09-05T09:26:50","modified_gmt":"2012-09-05T08:26:50","slug":"teniamos-tanto-miedo-ese-dia","status":"publish","type":"post","link":"https:\/\/blogs.ideal.es\/abocajarro\/2012\/09\/05\/teniamos-tanto-miedo-ese-dia\/","title":{"rendered":"&#8220;Ten\u00edamos tanto miedo ese d\u00eda&#8221;"},"content":{"rendered":"<p><object id=\"flashObj\" width=\"640\" height=\"360\" classid=\"clsid:d27cdb6e-ae6d-11cf-96b8-444553540000\" codebase=\"http:\/\/download.macromedia.com\/pub\/shockwave\/cabs\/flash\/swflash.cab#version=6,0,40,0\"><param name=\"flashVars\" value=\"web=externos&#038;videoId=1824535638001&#038;playerID=309010008001&#038;playerKey=AQ%2E%2E,AAAAFDJ-STk%2E,O_UTJPLxsFAhSEJk_8ykI5UN4pASTQM7&#038;domain=embed&#038;dynamicStreaming=true\" \/><param name=\"base\" value=\"http:\/\/admin.brightcove.com\" \/><param name=\"wmode\" value=\"transparent\" \/><param name=\"seamlesstabbing\" value=\"false\" \/><param name=\"allowFullScreen\" value=\"true\" \/><param name=\"swLiveConnect\" value=\"true\" \/><param name=\"allowScriptAccess\" value=\"always\" \/><param name=\"src\" value=\"http:\/\/c.brightcove.com\/services\/viewer\/federated_f9?isVid=1&#038;isUI=1\" \/><param name=\"flashvars\" value=\"web=externos&#038;videoId=1824535638001&#038;playerID=309010008001&#038;playerKey=AQ%2E%2E,AAAAFDJ-STk%2E,O_UTJPLxsFAhSEJk_8ykI5UN4pASTQM7&#038;domain=embed&#038;dynamicStreaming=true\" \/><param name=\"allowfullscreen\" value=\"true\" \/><param name=\"allowscriptaccess\" value=\"always\" \/><param name=\"swliveconnect\" value=\"true\" \/><param name=\"pluginspage\" value=\"http:\/\/www.macromedia.com\/shockwave\/download\/index.cgi?P1_Prod_Version=ShockwaveFlash\" \/><embed id=\"flashObj\" width=\"640\" height=\"360\" type=\"application\/x-shockwave-flash\" src=\"\/\/c.brightcove.com\/services\/viewer\/federated_f9?isVid=1&#038;isUI=1\" flashVars=\"web=externos&#038;videoId=1824535638001&#038;playerID=309010008001&#038;playerKey=AQ%2E%2E,AAAAFDJ-STk%2E,O_UTJPLxsFAhSEJk_8ykI5UN4pASTQM7&#038;domain=embed&#038;dynamicStreaming=true\" base=\"http:\/\/admin.brightcove.com\" wmode=\"transparent\" seamlesstabbing=\"false\" allowFullScreen=\"true\" swLiveConnect=\"true\" allowScriptAccess=\"always\" flashvars=\"web=externos&#038;videoId=1824535638001&#038;playerID=309010008001&#038;playerKey=AQ%2E%2E,AAAAFDJ-STk%2E,O_UTJPLxsFAhSEJk_8ykI5UN4pASTQM7&#038;domain=embed&#038;dynamicStreaming=true\" allowfullscreen=\"true\" allowscriptaccess=\"always\" swliveconnect=\"true\" pluginspage=\"http:\/\/www.macromedia.com\/shockwave\/download\/index.cgi?P1_Prod_Version=ShockwaveFlash\" \/><\/object><\/p>\n<p>&#8220;-\u00bfQu\u00e9 haces?<br \/>\n-\u00bfEst\u00e1s bien, Javier, hijo m\u00edo?<br \/>\n-\u00bfEs que no me conoces, mam\u00e1?<br \/>\n-Es muy tarde.<br \/>\n\u00bfEs que no puedo llamarte?<br \/>\n-\u00bfD\u00f3nde est\u00e1s?<br \/>\n-Aqu\u00ed.<br \/>\n\u00bfD\u00f3nde es aqu\u00ed?<br \/>\n-Aqu\u00ed&#8230;<br \/>\nBippp<br \/>\nLa comunicaci\u00f3n se cort\u00f3. Eran las 4.46 del domingo 7 de septiembre de 2008. La \u00faltima vez que Maribel Castilla habl\u00f3 con su hijo Javier&#8230;&#8221;. As\u00ed empezaba la <a href=\"https:\/\/blogs.ideal.es\/abocajarro\/2011\/03\/15\/padres-coraje\/\">informaci\u00f3n que public\u00f3 IDEAL el 13 de marzo de 2011<\/a>. Era la primera vez que las extra\u00f1as circunstancias de la muerte de Javier Joyanes Castilla sal\u00edan a la luz. Y la primera vez que trascend\u00eda la tit\u00e1nica\u00a0batalla que sus padres, Maximiliano y Maribel, manten\u00edan en solitario y hasta ese d\u00eda en silencio contra todo un sistema judicial que parec\u00eda confabulado para aplastarles con el peso de sus tr\u00e1mites y sus procedimientos. S\u00f3lo un amigo muy cercano conoc\u00eda el secreto de los &#8216;padres coraje&#8217;. Ni sus amigos, ni sus familiares. Nadie sab\u00eda de su convencimiento de que Javier no muri\u00f3 en una ca\u00edda accidental tras una boda, como se obstinaba en afirmar un informe de la Guardia Civil que ellos han logrado poner en entredicho.<\/p>\n<p>Ya cont\u00e9 en este blog como fue <a href=\"https:\/\/blogs.ideal.es\/abocajarro\/2011\/3\/22\/no-estais-solos\/\">mi primer encuentro con Maxi y Maribel<\/a>. Luego ellos han contado en el muro de Facebok de la p\u00e1gina &#8216;Justicia para Javi&#8217;\u00a0 (casi 10.000 miembros ya) sus sentimientos de aquel d\u00eda. &#8220;Siempre recordar\u00e9 ese dia, nuestro inmenso miedo. \u00bfQuien ser\u00eda esa persona? Ibamos a hablarle de nuestro hijo, de nuestro Javier, lo mas sagrado que tenemos, y \u00e9l iba a decirle al mundo lo terrible que es que la Justicia no act\u00fae. Con su art\u00edculo tenia que remover conciencias, conseguir que se unieran padres a nuestra lucha, que comprendieran que todos somos uno, tantas cosas. Un buen periodista y una buena persona, eso quer\u00edamos y eso encontramos. Luego hemos encontrado otros buenos periodistas y buenas personas, pero ten\u00edamos tanto miedo ese d\u00eda&#8221;.<\/p>\n<p>No puedo leer esas palabras sin un nudo en la garganta. Aquel d\u00eda ellos echaron a rodar una piedra que ha generado una corriente de simpat\u00eda y comprensi\u00f3n inmensa. Su historia es ese tipo de historias que a un periodista le hacen darse cuenta de que tiene el oficio m\u00e1s bonito del mundo. Est\u00e1s cuestionando la labor de expertos en homicidios, de forenses, de fiscales, de jueces &#8230; Y est\u00e1s solo. Te pones en frente de todo el sistema, al lado de unos padres rotos de dolor. Y no puedes estar en otro sitio.<\/p>\n<p>Hoy ya no est\u00e1n solos. Miles de personas los apoyan. Y hoy, con nuevas\u00a0pruebas sobre la mesa, cobra a\u00fan m\u00e1s fuerza que nunca la pregunta que me hice durante horas cuando sal\u00ed de\u00a0la casa de Maxi y Maribel el d\u00eda\u00a0que los conoc\u00ed. \u00bfY si tienen raz\u00f3n? \u00bfY si hac\u00edan bien en desconfiar de la Justicia? Cosas peores se han visto. Para esc\u00e9pticos, ah\u00ed est\u00e1 lo que ha pasado con Ruth y Jos\u00e9. Maxi y Maribel ten\u00edan miedo el d\u00eda que contaron su historia por primera vez. Pero m\u00e1s miedo da a\u00fan la siguente pregunta, la que cae por su propio peso tras conocerse un segundo informe pericial que avala la hipotesis de que Javier fue atropellado, transportado hasta la rambla y abandonado all\u00ed moribundo. \u00bfQui\u00e9n mat\u00f3 a Javier Joyanes? \u00a0\u00bfSer\u00e1 la Justicia capaz de recuperar cuatro a\u00f1os perdidos?<\/p>\n","protected":false},"excerpt":{"rendered":"<p>&#8220;-\u00bfQu\u00e9 haces? -\u00bfEst\u00e1s bien, Javier, hijo m\u00edo? -\u00bfEs que no me conoces, mam\u00e1? -Es muy tarde. \u00bfEs que no puedo llamarte? -\u00bfD\u00f3nde est\u00e1s? -Aqu\u00ed. \u00bfD\u00f3nde es aqu\u00ed? -Aqu\u00ed&#8230; Bippp La comunicaci\u00f3n se cort\u00f3. Eran las 4.46 del domingo 7 de septiembre de 2008. La \u00faltima vez que Maribel Castilla habl\u00f3 con su hijo Javier&#8230;&#8221;. As\u00ed [&hellip;]<\/p>\n","protected":false},"author":6,"featured_media":0,"comment_status":"open","ping_status":"closed","sticky":false,"template":"","format":"standard","meta":[],"categories":[2],"tags":[],"_links":{"self":[{"href":"https:\/\/blogs.ideal.es\/abocajarro\/wp-json\/wp\/v2\/posts\/575"}],"collection":[{"href":"https:\/\/blogs.ideal.es\/abocajarro\/wp-json\/wp\/v2\/posts"}],"about":[{"href":"https:\/\/blogs.ideal.es\/abocajarro\/wp-json\/wp\/v2\/types\/post"}],"author":[{"embeddable":true,"href":"https:\/\/blogs.ideal.es\/abocajarro\/wp-json\/wp\/v2\/users\/6"}],"replies":[{"embeddable":true,"href":"https:\/\/blogs.ideal.es\/abocajarro\/wp-json\/wp\/v2\/comments?post=575"}],"version-history":[{"count":0,"href":"https:\/\/blogs.ideal.es\/abocajarro\/wp-json\/wp\/v2\/posts\/575\/revisions"}],"wp:attachment":[{"href":"https:\/\/blogs.ideal.es\/abocajarro\/wp-json\/wp\/v2\/media?parent=575"}],"wp:term":[{"taxonomy":"category","embeddable":true,"href":"https:\/\/blogs.ideal.es\/abocajarro\/wp-json\/wp\/v2\/categories?post=575"},{"taxonomy":"post_tag","embeddable":true,"href":"https:\/\/blogs.ideal.es\/abocajarro\/wp-json\/wp\/v2\/tags?post=575"}],"curies":[{"name":"wp","href":"https:\/\/api.w.org\/{rel}","templated":true}]}}