{"id":579,"date":"2012-09-11T12:11:34","date_gmt":"2012-09-11T11:11:34","guid":{"rendered":"http:\/\/blogs.ideal.es\/abocajarro\/?p=579"},"modified":"2012-09-11T12:11:34","modified_gmt":"2012-09-11T11:11:34","slug":"cubalibres-sin-fronteras-desde-jaen","status":"publish","type":"post","link":"https:\/\/blogs.ideal.es\/abocajarro\/2012\/09\/11\/cubalibres-sin-fronteras-desde-jaen\/","title":{"rendered":"Cubalibres sin fronteras desde Ja\u00e9n"},"content":{"rendered":"<p>Hoy he debutado como columnista en Cope-Ja\u00e9n. Aqu\u00ed os dejo el comentario:<\/p>\n<p><strong>Antes del verano pudimos saber que <a href=\"https:\/\/blogs.ideal.es\/abocajarro\/2012\/07\/19\/que-buenos-estan-los-cubalibres\/\">el Ayuntamiento de Ja\u00e9n dej\u00f3 a deber en 2010 1.638 euros en cubalibres en un restaurante<\/a>.\u00a0 Hoy sabemos ya quienes se metieron entre pecho y espalda 468 copas a costa del contribuyente: los artistas del folk del mundo, a los que tanto cantar y bailar les debi\u00f3 dar una sed atroz. \u00bfS\u00f3lo ellos se bebieron los famosos 468 cubalibres sin fronteras? En un pleno veraniego\u00a0 el alcalde Jos\u00e9 Enrique Fern\u00e1ndez de Moya tir\u00f3 la piedra y escondi\u00f3 la mano: &#8220;En esa fiesta hab\u00eda mucha gente&#8221;, le solt\u00f3 a la bancada socialista, responsable de aquella factura. La concejal Carmen Guerrero pidi\u00f3 disculpas y reconoci\u00f3 el exceso.<\/strong><br \/>\n<strong>Los famosos cubalibres no son sino un ejemplo de c\u00f3mo nos han venido gobernando durante a\u00f1os. El Ayuntamiento de Ja\u00e9n ha dejado perlas para la historia.Ese mismo Ayuntamiento que ahora se est\u00e1 planteando despedir a unos 300 trabajadores, de tanto como se ha malgastado. No hablo ya de obras m\u00e1s o menos necesarias, como el tranv\u00eda. Me refiero al concierto de Bob Dylan, al viaje a Nueva York para repartir camisetas de la catedral o a la contrataci\u00f3n de un asesor para las relaciones con la Uni\u00f3n Europea. Por ejemplo. El que est\u00e9 libre de pecado que tire la primera piedra.\u00a0 O que se beba un cubalibre. A nuestra salud, por supuesto. Porque al final, sus disparates los pagamos todos.<\/strong><\/p>\n<p>Si no te quieres molestar en leer, te lo dejo <a href=\"http:\/\/www.cope.es\/player\/id=2012091111540002&#038;activo=6\" rel=\"external nofollow\">aqu\u00ed tal cual se ha emitido en la Cope<\/a><\/p>\n<p>\u00a0<br \/>\n<object id=\"Player\" width=\"630\" height=\"354\" classid=\"clsid:d27cdb6e-ae6d-11cf-96b8-444553540000\" codebase=\"http:\/\/download.macromedia.com\/pub\/shockwave\/cabs\/flash\/swflash.cab#version=6,0,40,0\"><param name=\"quality\" value=\"high\" \/><param name=\"wmode\" value=\"transparent\" \/><param name=\"allowScriptAccess\" value=\"always\" \/><param name=\"allowFullScreen\" value=\"true\" \/><param name=\"flashvars\" value=\"_url_xml_datos=\/proyecto\/fragmentosJSP\/playerxml.jsp?id=2012091111540002,1,33,13,,1411&#038;_showAlwaysButtons=false&#038;_showPlaybigButton=true&#038;_showControlsType=1\" \/><param name=\"src\" value=\"http:\/\/www.cope.es\/docs\/repositorio\/es_ES\/player2\/mod_cope_player.swf\" \/><param name=\"allowfullscreen\" value=\"true\" \/><param name=\"play\" value=\"true\" \/><param name=\"loop\" value=\"loop\" \/><param name=\"allowscriptaccess\" value=\"always\" \/><param name=\"pluginspage\" value=\"http:\/\/www.adobe.com\/go\/getflashplayer\" \/><embed id=\"Player\" width=\"630\" height=\"354\" type=\"application\/x-shockwave-flash\" src=\"\/\/www.cope.es\/docs\/repositorio\/es_ES\/player2\/mod_cope_player.swf\" quality=\"high\" wmode=\"transparent\" allowScriptAccess=\"always\" allowFullScreen=\"true\" flashvars=\"_url_xml_datos=\/proyecto\/fragmentosJSP\/playerxml.jsp?id=2012091111540002,1,33,13,,1411&#038;_showAlwaysButtons=false&#038;_showPlaybigButton=true&#038;_showControlsType=1\" allowfullscreen=\"true\" play=\"true\" loop=\"loop\" allowscriptaccess=\"always\" pluginspage=\"http:\/\/www.adobe.com\/go\/getflashplayer\" \/><\/object><\/p>\n<p>&nbsp;<\/p>\n","protected":false},"excerpt":{"rendered":"<p>Hoy he debutado como columnista en Cope-Ja\u00e9n. Aqu\u00ed os dejo el comentario: Antes del verano pudimos saber que el Ayuntamiento de Ja\u00e9n dej\u00f3 a deber en 2010 1.638 euros en cubalibres en un restaurante.\u00a0 Hoy sabemos ya quienes se metieron entre pecho y espalda 468 copas a costa del contribuyente: los artistas del folk del [&hellip;]<\/p>\n","protected":false},"author":6,"featured_media":0,"comment_status":"open","ping_status":"closed","sticky":false,"template":"","format":"standard","meta":[],"categories":[2],"tags":[],"_links":{"self":[{"href":"https:\/\/blogs.ideal.es\/abocajarro\/wp-json\/wp\/v2\/posts\/579"}],"collection":[{"href":"https:\/\/blogs.ideal.es\/abocajarro\/wp-json\/wp\/v2\/posts"}],"about":[{"href":"https:\/\/blogs.ideal.es\/abocajarro\/wp-json\/wp\/v2\/types\/post"}],"author":[{"embeddable":true,"href":"https:\/\/blogs.ideal.es\/abocajarro\/wp-json\/wp\/v2\/users\/6"}],"replies":[{"embeddable":true,"href":"https:\/\/blogs.ideal.es\/abocajarro\/wp-json\/wp\/v2\/comments?post=579"}],"version-history":[{"count":0,"href":"https:\/\/blogs.ideal.es\/abocajarro\/wp-json\/wp\/v2\/posts\/579\/revisions"}],"wp:attachment":[{"href":"https:\/\/blogs.ideal.es\/abocajarro\/wp-json\/wp\/v2\/media?parent=579"}],"wp:term":[{"taxonomy":"category","embeddable":true,"href":"https:\/\/blogs.ideal.es\/abocajarro\/wp-json\/wp\/v2\/categories?post=579"},{"taxonomy":"post_tag","embeddable":true,"href":"https:\/\/blogs.ideal.es\/abocajarro\/wp-json\/wp\/v2\/tags?post=579"}],"curies":[{"name":"wp","href":"https:\/\/api.w.org\/{rel}","templated":true}]}}