{"id":58,"date":"2010-01-11T21:28:00","date_gmt":"2010-01-11T21:28:00","guid":{"rendered":"http:\/\/blogs.ideal.es\/abocajarro\/?p=58"},"modified":"2010-01-11T21:28:00","modified_gmt":"2010-01-11T21:28:00","slug":"la-maldicion-las-paredes-peludas","status":"publish","type":"post","link":"https:\/\/blogs.ideal.es\/abocajarro\/2010\/01\/11\/la-maldicion-las-paredes-peludas\/","title":{"rendered":"La maldici\u00f3n de las paredes peludas"},"content":{"rendered":"<p>La Polic\u00eda Local sufre la maldici\u00f3n de las goteras. Se tuvieron que ir de la ruina de Vaciacostales porque los viejos pabellones militares rezumaban humedad, y el agua ca\u00eda a chorreones por las paredes con m\u00e1s frecuencia que por el Ojo de Buey de la Fuente de la Pe\u00f1a. En los despachos del concejal de turno y del intendente jefe, Alfonso Mart\u00ednez Carillo, hab\u00edan desarrollado un extra\u00f1o fen\u00f3meno, s\u00f3lo explicable por las penurias municipales o por alguna presencia fantasmag\u00f3rica: las paredes estaban cubiertas de negro, y hasta parec\u00edan tapizadas de terciopelo. Aunque no hab\u00eda rastro de tan noble material, sino que eran los pelillos del moho. El misterio de la pared peluda, nada menos. En vez de pintarla hab\u00eda que pasarle la &#8216;silk-epil&#8217;. As\u00ed que se fueron a Magisterio. Me cuentan ahora que en su nueva ubicaci\u00f3n, en Magisterio, tambi\u00e9n han tenido inundaci\u00f3n en los despachos del intendente y la concejala Matilde Cruz, y que chorre\u00f3 la lluvia por las paredes. Aquello parec\u00eda la Cimbarra, por un canal\u00f3n que se hab\u00eda atascado y que hizo estragos all\u00e1 por los primeros d\u00edas del temporal. La cosa se arregl\u00f3, por m\u00e1s que alguno viese fantasmas del pasado, y todav\u00eda no le han salido pelos a ninguna pared. Pero todo se andar\u00e1.<\/p>\n<p>Otro tanto sufre la cofrad\u00eda del Abuelo: le han salido goteras al Camar\u00edn reci\u00e9n estrenado, y tambi\u00e9n a la vieja casa de hermandad de la Plaza de Santa Mar\u00eda.<\/p>\n<p>Lo cierto es que Ja\u00e9n entera padece mucho cuando las condiciones meteorol\u00f3gicas son malas. Desde que comenz\u00f3 el temporal ha habido problemas, y gordos, con las carreteras, con el encauzamiento de los r\u00edos Guadalquivir y Guadalbull\u00f3n, con el suministro el\u00e9ctrico, con los trenes y con mil cosas m\u00e1s, entre ellas las goteras de la Polic\u00eda Local. Es lo que tiene ser pobre. Que cualquier cosa se torna en maldici\u00f3n y hasta le salen pelos a las paredes, con el asquito que da.<\/p>\n","protected":false},"excerpt":{"rendered":"<p>La Polic\u00eda Local sufre la maldici\u00f3n de las goteras. Se tuvieron que ir de la ruina de Vaciacostales porque los viejos pabellones militares rezumaban humedad, y el agua ca\u00eda a chorreones por las paredes con m\u00e1s frecuencia que por el Ojo de Buey de la Fuente de la Pe\u00f1a. En los despachos del concejal de [&hellip;]<\/p>\n","protected":false},"author":6,"featured_media":0,"comment_status":"open","ping_status":"closed","sticky":false,"template":"","format":"standard","meta":[],"categories":[2],"tags":[],"_links":{"self":[{"href":"https:\/\/blogs.ideal.es\/abocajarro\/wp-json\/wp\/v2\/posts\/58"}],"collection":[{"href":"https:\/\/blogs.ideal.es\/abocajarro\/wp-json\/wp\/v2\/posts"}],"about":[{"href":"https:\/\/blogs.ideal.es\/abocajarro\/wp-json\/wp\/v2\/types\/post"}],"author":[{"embeddable":true,"href":"https:\/\/blogs.ideal.es\/abocajarro\/wp-json\/wp\/v2\/users\/6"}],"replies":[{"embeddable":true,"href":"https:\/\/blogs.ideal.es\/abocajarro\/wp-json\/wp\/v2\/comments?post=58"}],"version-history":[{"count":0,"href":"https:\/\/blogs.ideal.es\/abocajarro\/wp-json\/wp\/v2\/posts\/58\/revisions"}],"wp:attachment":[{"href":"https:\/\/blogs.ideal.es\/abocajarro\/wp-json\/wp\/v2\/media?parent=58"}],"wp:term":[{"taxonomy":"category","embeddable":true,"href":"https:\/\/blogs.ideal.es\/abocajarro\/wp-json\/wp\/v2\/categories?post=58"},{"taxonomy":"post_tag","embeddable":true,"href":"https:\/\/blogs.ideal.es\/abocajarro\/wp-json\/wp\/v2\/tags?post=58"}],"curies":[{"name":"wp","href":"https:\/\/api.w.org\/{rel}","templated":true}]}}