{"id":585,"date":"2012-09-18T11:41:38","date_gmt":"2012-09-18T10:41:38","guid":{"rendered":"http:\/\/blogs.ideal.es\/abocajarro\/?p=585"},"modified":"2012-09-18T11:41:38","modified_gmt":"2012-09-18T10:41:38","slug":"cuando-jose-tomas-tenia-hambre-de-gloria","status":"publish","type":"post","link":"https:\/\/blogs.ideal.es\/abocajarro\/2012\/09\/18\/cuando-jose-tomas-tenia-hambre-de-gloria\/","title":{"rendered":"Cuando Jos\u00e9 Tom\u00e1s era s\u00f3lo un hombre"},"content":{"rendered":"<p>Linares, agosto de 1996. Jos\u00e9 Tom\u00e1s, que en mayo hab\u00eda confirmado la alternativa en Madrid, sale de la ducha de su habitaci\u00f3n del hotel An\u00edbal. Solo lleva una toalla blanca a la cinturaVa serio. Las cosas no han salido bien en su presentaci\u00f3n en una plaza en la que tiene especial inter\u00e9s. Manolete, el mito. Se va de vac\u00edo, apenas ha podido dar dos pases y se ha llevado un revolc\u00f3n. Cojea. El toro lo ha pisado. De hecho, se conoce que lo que hay al final de su pierna es un pie por que est\u00e1 al final de la pierna, no por la forma ni el color. Las contrariedades se le acumulan. Encima, tiene un periodista esperando en la habitaci\u00f3n. \u00bfUn periodista? Un becario que le ha cambiado a su redactor jefe, Paco Mart\u00ednez Perea, un d\u00eda libre para ir a la feria con la condici\u00f3n de que vuelva con una entrevista con un torero para las p\u00e1ginas de cultura. Eso s\u00ed, el torero lo elige el becario. Estaban todas las figuras del momento encarteladas. Pero el becario elige a Jos\u00e9 Tom\u00e1s.<\/p>\n<p>La entrevista se public\u00f3 en IDEAL el 4 de septiembre de 1996. Mi amigo Luis P\u00e9rez Arrebola ha tenido a bien rescatarla del archivo en estos d\u00edas de fiebre tomasista y pas\u00e1rmela, para recordar que antes de que el de Galapagar ascendiese a la categor\u00eda de mito ya apostamos por \u00e9l en el peri\u00f3dico. Me dicen mis amigos taurinos que las entrevistas concedidas por tom\u00e1s son escasas, as\u00ed que creo de inter\u00e9s compartir \u00e9sta, de cuando a\u00fan s\u00f3lo era un torero con hambre de gloria.<br \/>\n<strong>\u00abMe fui a M\u00e9xico porque no quise tener que pagar para torear&#8221;<\/strong><br \/>\nJos\u00e9 Tom\u00e1s tiene apenas 21 a\u00f1os pero su toreo refleja la madurez del que ha mamado este arte desde la cuna. Tras la mano que maneja el enga\u00f1o la, verdad del estatismo ante el toro, el valor sereno y sin alardes y un pensamiento bajo la montera: puerta grande o enfermer\u00eda.<br \/>\n-El 1 4 de mayo, Jos\u00e9 Tom\u00e1s se presenta en Madrid, entre fuertes cr\u00edticas por haber<br \/>\nsido incluido en los carteles, y corta una oreja.\u00bf Qu\u00e9 supone este triunfo?<br \/>\n-En Madrid me jugaba mucho. Hubo pol\u00e9mica porque no estaba suficientemente toreado<br \/>\npara entrar en la primera feria del mundo, y era verdad que no hab\u00eda toreado lo bastante como para confirmar la alternativa con garant\u00edas, pero apost\u00e9 fuerte y sali\u00f3 bien . Para triunfar tienes que arriesgar, y yo sorprend\u00ed en Las Ventas.<br \/>\n-\u00bfQu\u00e9 tiene tu forma de torear para convencer a un p\u00fablico tan exigente como el de Las Ventas?<br \/>\n-Al p\u00fablico de Madrid le gusta que el torero\u00a0 haga las cosas bien hechas, como tienen que ser, que la lidia y la faena est\u00e9n bien concebidas y con pausa, con temple. Mi toreo se basa en quedarse quieto, aguantar al toro sin olvidar la importancia de la t\u00e9cnica.<br \/>\n-Antes de Madrid, tuviste que `emigrar&#8217; para entrar en los carteles. \u00bfPor qu\u00e9?<br \/>\n-Tom\u00e9 la alternativa en M\u00e9xico por agradecimiento a mucha gente que hab\u00eda confiado en mi all\u00ed, por haber podido hacerme torero en esa tierra. Me fui de Espa\u00f1a para poder torear sin pagar. Eso me daba mucha rabia, no lo soportaba, pero estoy-convencido de que el que tiene condiciones acaba saliendo . Yo lo hice en M\u00e9xico, fuera de Espa\u00f1a.<br \/>\n-Despu\u00e9s de pasar por Las Ventas s\u00ed has entrado en las ferias.<br \/>\n-He entrado en muchas plazas por la v\u00eda de la sustituci\u00f3n, ya que los carteles se hacen ahora mucho antes de San Isidro, pero creo que estoy dejando buena impresi\u00f3n en los sitios donde he ido y que, para la temporada pr\u00f3xima, contar\u00e1n conmigo desde el principio. Esto est\u00e1 montado as\u00ed y yo no puedo hacer nada. Adem\u00e1s, este a\u00f1o estoy buscando m\u00e1s la calidad de lo que toreo que la cantidad, y he estado en Madrid, Bilbao, Granada, Pamplona . .. en plazas de categor\u00eda.<br \/>\nNuevos valores<br \/>\n-V\u00edctor Puerto, Francisco Rivera, El Tato, Liria, Jos\u00e9 Tom\u00e1s &#8230; Muchos nombres nuevos que suenan fuerte.<br \/>\n-Es bueno para la Fiesta que salgan valores nuevos que vengan pisando fuerte y a los que se les vea buen futuro . Adem\u00e1s, las figuras se motivan todav\u00eda m\u00e1s, y tienen que arrimarse y apretar ellos tambi\u00e9n, y ya lo creo que aprietan .<br \/>\n-\u00bfHasta donde puede llegar Jos\u00e9 Tom\u00e1s?<br \/>\n-Mi objetivo es llegar a figura del toreo. S\u00e9 que estoy empezando ahora, que todav\u00eda no he alcanzado todo mi nivel, pero tengo que desarrollar todas mis posibilidades . Para mi,todo el\u00a0 que llega a ser figura es porque vale, si no lo consigues es que no tienes condiciones suficientes.<br \/>\n-La espada, tu gran laguna<br \/>\n-Es cierto, he perdido muchos triunfos con los aceros este a\u00f1o, y algunos en plazas tan importantes como Madrid o Bilbao. Yo me tiro por derecho a matar a cado toro . Es al que hago mal, alg\u00fan fallo t\u00e9cnico que hace que pinche. Cuando se hace bien la suerte, parece que los toros no tienen hueso, la espa da entra y ya est\u00e1, pero yo tengo que trabajar mucho en este aspecto.<br \/>\n-Tu estilo, \u00bfes innato o es algo aprendido?<br \/>\n-Cada uno nace con una forma de torear, con un estilo, al que luego hay que a\u00f1adir la t\u00e9cnica que se aprende. El ser torero es algo que se asume desde ni\u00f1o . El miedo que se pasa cada tarde se soporta porque est\u00e1s haciendo lo que te gusta, porque es algo para lo que est\u00e1s mentalizado desde siempre.<br \/>\nTres cornadas<br \/>\n-Por el valor sereno que irradia tu toreo, no parece que el riesgo y las cornadas te importen mucho<br \/>\n-El toro te va poniendo pruebas, y las cogidas son una de ellas . Hasta ahora llevo tres cornadas, una grave el mismo d\u00eda de mi alternativa en M\u00e9xico, otra en los test\u00edculos y otra m\u00e1s, tambi\u00e9n grave, en el muslo. Adem\u00e1s de la rehabilitaci\u00f3n f\u00edsica, las heridas requieren otra, al menos tan importante, para recuperarte psicol\u00f3gicamente, sobre todo la primera vez. Eso es lo que te hace plantearte lo que es el toro, todo lo que te exige esta profesi\u00f3n.<br \/>\n-El tema del afeitado de los toros est\u00e1 en el candelero con las denuncias que pesan sobre Julio Aparicio y Cristina S\u00e1nchez. \u00bf Qu\u00e9 credibilidad te merecen?<br \/>\n-Se afeitan toros, pero no tanto como se dice . Por el respeto que me merecen todos mis compa\u00f1eros, es algo de lo que prefiero no hablar.<br \/>\n-\u00bfSe renuncia a mucho por vestirse de luces?<br \/>\n-Para ser torero hay que dejar a un lado muchas cosas, y son muchas renuncias que s\u00f3lo las ves t\u00fa, que pasan desapercibidas para mucha gente, incluso de tu entorno m\u00e1s cercano. Pero son sacrificios que hay que hacer y para los que te est\u00e1s preparando desde que te decides a entrar en esta profesi\u00f3n. No hay que cre\u00e9rselo cuando llegan las buenas tardes, hay que seguir aceptando las pruebas que te pone el toro . La fama y la popularidad que acompa\u00f1an a un matador de toros es algo que no llevo muy bien. No me gustar\u00eda verme en las revistas del coraz\u00f3n.<\/p>\n<p>El pdf de la entrevista puedes verlo aqu\u00ed<\/p>\n<p><a href=\"https:\/\/blogs.ideal.es\/abocajarro\/2012\/09\/18\/cuando-jose-tomas-tenia-hambre-de-gloria\/tomas-2\/\" rel=\"attachment wp-att-587\">tom\u00e1s<\/a><\/p>\n<p>&nbsp;<\/p>\n<p>&nbsp;<\/p>\n<p>&nbsp;<\/p>\n<p>&nbsp;<\/p>\n<p>&nbsp;<\/p>\n<p>&nbsp;<\/p>\n<p>&nbsp;<\/p>\n<p>&nbsp;<\/p>\n","protected":false},"excerpt":{"rendered":"<p>Linares, agosto de 1996. Jos\u00e9 Tom\u00e1s, que en mayo hab\u00eda confirmado la alternativa en Madrid, sale de la ducha de su habitaci\u00f3n del hotel An\u00edbal. Solo lleva una toalla blanca a la cinturaVa serio. Las cosas no han salido bien en su presentaci\u00f3n en una plaza en la que tiene especial inter\u00e9s. Manolete, el mito. [&hellip;]<\/p>\n","protected":false},"author":6,"featured_media":0,"comment_status":"open","ping_status":"closed","sticky":false,"template":"","format":"standard","meta":[],"categories":[2],"tags":[],"_links":{"self":[{"href":"https:\/\/blogs.ideal.es\/abocajarro\/wp-json\/wp\/v2\/posts\/585"}],"collection":[{"href":"https:\/\/blogs.ideal.es\/abocajarro\/wp-json\/wp\/v2\/posts"}],"about":[{"href":"https:\/\/blogs.ideal.es\/abocajarro\/wp-json\/wp\/v2\/types\/post"}],"author":[{"embeddable":true,"href":"https:\/\/blogs.ideal.es\/abocajarro\/wp-json\/wp\/v2\/users\/6"}],"replies":[{"embeddable":true,"href":"https:\/\/blogs.ideal.es\/abocajarro\/wp-json\/wp\/v2\/comments?post=585"}],"version-history":[{"count":0,"href":"https:\/\/blogs.ideal.es\/abocajarro\/wp-json\/wp\/v2\/posts\/585\/revisions"}],"wp:attachment":[{"href":"https:\/\/blogs.ideal.es\/abocajarro\/wp-json\/wp\/v2\/media?parent=585"}],"wp:term":[{"taxonomy":"category","embeddable":true,"href":"https:\/\/blogs.ideal.es\/abocajarro\/wp-json\/wp\/v2\/categories?post=585"},{"taxonomy":"post_tag","embeddable":true,"href":"https:\/\/blogs.ideal.es\/abocajarro\/wp-json\/wp\/v2\/tags?post=585"}],"curies":[{"name":"wp","href":"https:\/\/api.w.org\/{rel}","templated":true}]}}