{"id":59,"date":"2010-01-12T23:50:00","date_gmt":"2010-01-12T23:50:00","guid":{"rendered":"http:\/\/blogs.ideal.es\/abocajarro\/?p=59"},"modified":"2010-01-12T23:50:00","modified_gmt":"2010-01-12T23:50:00","slug":"el-engano-del-milenio","status":"publish","type":"post","link":"https:\/\/blogs.ideal.es\/abocajarro\/2010\/01\/12\/el-engano-del-milenio\/","title":{"rendered":"El enga\u00f1o del milenio"},"content":{"rendered":"<p>El presidente de la Fundaci\u00f3n para la Conmemoraci\u00f3n del Milenio de la Fundaci\u00f3n del Reino de Granada, <A id=link_0 title=http:\/\/www.ideal.es\/jaen\/20100111\/local\/granada\/dimision-aguilar-como-presidente-201001111818.html href=\"http:\/\/www.ideal.es\/jaen\/20100111\/local\/granada\/dimision-aguilar-como-presidente-201001111818.html\">David Aguilar, ha presentado su dimisi\u00f3n<\/A>. \u00bfY por qu\u00e9 les cuento \u00e9sto del Milenio? Porque Ja\u00e9n est\u00e1 metida en el ajo, y la Diputaci\u00f3n de Ja\u00e9n ha apoquinado ya unos 30.000 euros. O por lo menos deber\u00eda haberlos puesto. A m\u00ed la verdad es que es o\u00edr hablar del Milenio y me da la risa. <\/p>\n<p>El a\u00f1o pasado, en Fitur, tuve mi primer contacto con el engendro. Un gran panel sobre el Milenio presid\u00eda el stand de Granada. El compa\u00f1ero Quico Chirino se barruntaba que lo \u00fanico que hab\u00eda del Milenio en Fitur era aquel cartel, que nadie ten\u00eda ni idea de qu\u00e9 iba la cosa. Efectivamente: nadie ten\u00eda ni idea. Me di una vuelta por el stand, preguntando a varias de las personas que atend\u00edan a los visitantes, y no sab\u00edan ni de qu\u00e9 les estaba hablando. <A id=link_0 title=http:\/\/www.ideal.es\/granada\/20090129\/granada\/tapas-vuelos-baratos-milenio-20090129.html href=\"http:\/\/www.ideal.es\/granada\/20090129\/granada\/tapas-vuelos-baratos-milenio-20090129.html\">Me llegaron a decir que aquello iba de los Reyes Cat\u00f3licos<\/A>. No les dije que era periodista y que les preguntaba para sacarlo en el IDEAL. Al d\u00eda siguiente<A id=link_1 title=http:\/\/www.ideal.es\/granada\/20090130\/local\/granada\/aguilar-admite-milenio-esta-200901300912.html href=\"http:\/\/www.ideal.es\/granada\/20090130\/local\/granada\/aguilar-admite-milenio-esta-200901300912.html\"> Aguilar tuvo que ir a Fitur a dar explicaciones<\/A>, y admiti\u00f3 que aquello del Milenio estaba verde. M\u00e1s que verde. (Creo que tambi\u00e9n buscaban a las azafatas involucradas para ponerlas verdes, m\u00e1s que verdes). Un a\u00f1o despu\u00e9s no deben ir mucho mejor las cosas, cuando se va el tal Aguilar. <\/p>\n<p>Pulsando <A id=link_0 title=http:\/\/es.wikipedia.org\/wiki\/Reino_zir%C3%AD_de_Granada href=\"http:\/\/es.wikipedia.org\/wiki\/Reino_zir%C3%AD_de_Granada\">aqu\u00ed<\/A> se pueden tener algunos datos sobre qu\u00e9 se celebra con el Milenio 2013. No es mala la idea de conmemorarlo. S\u00f3lo que a estas alturas las ideas y los compromisos deber\u00edan estar claros. Y que esta historia del Milenio, en la que hay <A id=link_0 title=http:\/\/www.ideal.es\/granada\/20090303\/granada\/nace-milenio-apoyo-estado-20090303.html href=\"http:\/\/www.ideal.es\/granada\/20090303\/granada\/nace-milenio-apoyo-estado-20090303.html\">involucradas nueve administraciones <\/A>que deben poner pasta (entre ellas la Diputaci\u00f3n de Ja\u00e9n), no sea una enga\u00f1ifa m\u00e1s.<\/p>\n","protected":false},"excerpt":{"rendered":"<p>El presidente de la Fundaci\u00f3n para la Conmemoraci\u00f3n del Milenio de la Fundaci\u00f3n del Reino de Granada, David Aguilar, ha presentado su dimisi\u00f3n. \u00bfY por qu\u00e9 les cuento \u00e9sto del Milenio? Porque Ja\u00e9n est\u00e1 metida en el ajo, y la Diputaci\u00f3n de Ja\u00e9n ha apoquinado ya unos 30.000 euros. O por lo menos deber\u00eda haberlos [&hellip;]<\/p>\n","protected":false},"author":6,"featured_media":0,"comment_status":"open","ping_status":"closed","sticky":false,"template":"","format":"standard","meta":[],"categories":[2],"tags":[],"_links":{"self":[{"href":"https:\/\/blogs.ideal.es\/abocajarro\/wp-json\/wp\/v2\/posts\/59"}],"collection":[{"href":"https:\/\/blogs.ideal.es\/abocajarro\/wp-json\/wp\/v2\/posts"}],"about":[{"href":"https:\/\/blogs.ideal.es\/abocajarro\/wp-json\/wp\/v2\/types\/post"}],"author":[{"embeddable":true,"href":"https:\/\/blogs.ideal.es\/abocajarro\/wp-json\/wp\/v2\/users\/6"}],"replies":[{"embeddable":true,"href":"https:\/\/blogs.ideal.es\/abocajarro\/wp-json\/wp\/v2\/comments?post=59"}],"version-history":[{"count":0,"href":"https:\/\/blogs.ideal.es\/abocajarro\/wp-json\/wp\/v2\/posts\/59\/revisions"}],"wp:attachment":[{"href":"https:\/\/blogs.ideal.es\/abocajarro\/wp-json\/wp\/v2\/media?parent=59"}],"wp:term":[{"taxonomy":"category","embeddable":true,"href":"https:\/\/blogs.ideal.es\/abocajarro\/wp-json\/wp\/v2\/categories?post=59"},{"taxonomy":"post_tag","embeddable":true,"href":"https:\/\/blogs.ideal.es\/abocajarro\/wp-json\/wp\/v2\/tags?post=59"}],"curies":[{"name":"wp","href":"https:\/\/api.w.org\/{rel}","templated":true}]}}