{"id":592,"date":"2012-09-19T13:14:42","date_gmt":"2012-09-19T12:14:42","guid":{"rendered":"http:\/\/blogs.ideal.es\/abocajarro\/?p=592"},"modified":"2012-09-19T13:14:42","modified_gmt":"2012-09-19T12:14:42","slug":"dieta-de-cadaveres","status":"publish","type":"post","link":"https:\/\/blogs.ideal.es\/abocajarro\/2012\/09\/19\/dieta-de-cadaveres\/","title":{"rendered":"Dieta de cad\u00e1veres"},"content":{"rendered":"<p>Os dejo aqu\u00ed el comentario de esta semana en Cope Ja\u00e9n, en el programa La Ma\u00f1ana de \u00c1ngel L\u00f3pez. Lo puedes escuchar pinchando en el enlace de ah\u00ed abajo a partir del minuto 5.41<\/p>\n<p>&nbsp;<\/p>\n<p><object id=\"Player\" width=\"630\" height=\"354\" classid=\"clsid:d27cdb6e-ae6d-11cf-96b8-444553540000\" codebase=\"http:\/\/download.macromedia.com\/pub\/shockwave\/cabs\/flash\/swflash.cab#version=6,0,40,0\"><param name=\"quality\" value=\"high\" \/><param name=\"wmode\" value=\"transparent\" \/><param name=\"allowScriptAccess\" value=\"always\" \/><param name=\"allowFullScreen\" value=\"true\" \/><param name=\"flashvars\" value=\"_url_xml_datos=\/proyecto\/fragmentosJSP\/playerxml.jsp?id=2012091813030001,1,3,7,13,1411&#038;_showAlwaysButtons=false&#038;_showPlaybigButton=true&#038;_showControlsType=1\" \/><param name=\"src\" value=\"http:\/\/jaen.cope.es\/docs\/repositorio\/es_ES\/player2\/mod_cope_player.swf\" \/><param name=\"allowfullscreen\" value=\"true\" \/><param name=\"play\" value=\"true\" \/><param name=\"loop\" value=\"loop\" \/><param name=\"allowscriptaccess\" value=\"always\" \/><param name=\"pluginspage\" value=\"http:\/\/www.adobe.com\/go\/getflashplayer\" \/><embed id=\"Player\" width=\"630\" height=\"354\" type=\"application\/x-shockwave-flash\" src=\"\/\/jaen.cope.es\/docs\/repositorio\/es_ES\/player2\/mod_cope_player.swf\" quality=\"high\" wmode=\"transparent\" allowScriptAccess=\"always\" allowFullScreen=\"true\" flashvars=\"_url_xml_datos=\/proyecto\/fragmentosJSP\/playerxml.jsp?id=2012091813030001,1,3,7,13,1411&#038;_showAlwaysButtons=false&#038;_showPlaybigButton=true&#038;_showControlsType=1\" allowfullscreen=\"true\" play=\"true\" loop=\"loop\" allowscriptaccess=\"always\" pluginspage=\"http:\/\/www.adobe.com\/go\/getflashplayer\" \/><\/object><\/p>\n<p><a href=\"http:\/\/jaen.cope.es\/player\/id=2012091813030001&#038;activo=10\" rel=\"external nofollow\">http:\/\/jaen.cope.es\/player\/id=2012091813030001&#038;activo=10<\/a><\/p>\n<p>El texto lo cuelgo aqu\u00ed (no cuadra exactamente por error al leerlo)<\/p>\n<p><em>Dieta de cad\u00e1veres<\/em><\/p>\n<p><em><a href=\"http:\/\/www.ideal.es\/jaen\/v\/20120917\/jaen\/director-jaen-invento-cadaveres-20120917.html\" rel=\"external nofollow\">El ex director del Instituto de Medicina Legal de Ja\u00e9n se invent\u00f3 cad\u00e1veres para pasar dietas<\/a>. El propio\u00a0 ex director explica lo que ocurri\u00f3: \u00e9l sab\u00eda que \u00e9sos d\u00edas hizo viajes, pero no se acordaba de d\u00f3nde ni para qu\u00e9. As\u00ed que puso lo primero que se le ocurri\u00f3. Un levantamiento de cad\u00e1ver en Frailes, otro en Porcuna y lo que se iba viniendo a la cabeza. Seg\u00fan denunci\u00f3 una empleada del Instituto intent\u00f3 el m\u00e1s dif\u00edcil todav\u00eda: lleg\u00f3 a poner un viaje que no exist\u00eda para levantar un muerto que no exist\u00eda en un d\u00eda que no exist\u00eda, pues pidi\u00f3 dietas por un desplazamiento el 29 de febrero de 2011. Si uno se inventa un muerto, por qu\u00e9 no se va a inventar un bisiesto, pensar\u00eda el hombre. Cuando le llamaron la atenci\u00f3n sobre el disparate, corri\u00f3 el d\u00eda, pero se mantuvo en el viaje y el levantamiento falsos. A todo esto, a la Junta le parece fenomenal que sus empleados se inventen muertos para pasar dietas.\u00a0 Hizo una investigaci\u00f3n rigurosa y determin\u00f3 que no s\u00f3lo no hab\u00eda delito, sino tampoco falta disciplinaria o administrativa. El propio director explic\u00f3 que llevaba a\u00f1os pasando dietas sin tener que especificar nunca el motivo del desplazamiento. La an\u00e9cdota de las dietas del Instituto de Medicina Legal no son sino una muestra m\u00e1s del poco rigor con que se ha\u00a0administrado nuestro dinero. Como si fuera suyo. Como si todo fuera suyo. Mezclando lo p\u00fablico y lo privado. As\u00ed que no me extra\u00f1a que haya por ah\u00ed una consejera de la Junta que vaya diciendo que robar un carro de comida de un supermercado no es delito.<\/em><\/p>\n","protected":false},"excerpt":{"rendered":"<p>Os dejo aqu\u00ed el comentario de esta semana en Cope Ja\u00e9n, en el programa La Ma\u00f1ana de \u00c1ngel L\u00f3pez. Lo puedes escuchar pinchando en el enlace de ah\u00ed abajo a partir del minuto 5.41 &nbsp; http:\/\/jaen.cope.es\/player\/id=2012091813030001&#038;activo=10 El texto lo cuelgo aqu\u00ed (no cuadra exactamente por error al leerlo) Dieta de cad\u00e1veres El ex director del [&hellip;]<\/p>\n","protected":false},"author":6,"featured_media":0,"comment_status":"open","ping_status":"closed","sticky":false,"template":"","format":"standard","meta":[],"categories":[2],"tags":[],"_links":{"self":[{"href":"https:\/\/blogs.ideal.es\/abocajarro\/wp-json\/wp\/v2\/posts\/592"}],"collection":[{"href":"https:\/\/blogs.ideal.es\/abocajarro\/wp-json\/wp\/v2\/posts"}],"about":[{"href":"https:\/\/blogs.ideal.es\/abocajarro\/wp-json\/wp\/v2\/types\/post"}],"author":[{"embeddable":true,"href":"https:\/\/blogs.ideal.es\/abocajarro\/wp-json\/wp\/v2\/users\/6"}],"replies":[{"embeddable":true,"href":"https:\/\/blogs.ideal.es\/abocajarro\/wp-json\/wp\/v2\/comments?post=592"}],"version-history":[{"count":0,"href":"https:\/\/blogs.ideal.es\/abocajarro\/wp-json\/wp\/v2\/posts\/592\/revisions"}],"wp:attachment":[{"href":"https:\/\/blogs.ideal.es\/abocajarro\/wp-json\/wp\/v2\/media?parent=592"}],"wp:term":[{"taxonomy":"category","embeddable":true,"href":"https:\/\/blogs.ideal.es\/abocajarro\/wp-json\/wp\/v2\/categories?post=592"},{"taxonomy":"post_tag","embeddable":true,"href":"https:\/\/blogs.ideal.es\/abocajarro\/wp-json\/wp\/v2\/tags?post=592"}],"curies":[{"name":"wp","href":"https:\/\/api.w.org\/{rel}","templated":true}]}}