{"id":595,"date":"2012-09-20T17:15:25","date_gmt":"2012-09-20T16:15:25","guid":{"rendered":"http:\/\/blogs.ideal.es\/abocajarro\/?p=595"},"modified":"2012-09-20T17:15:25","modified_gmt":"2012-09-20T16:15:25","slug":"lo-que-juan-lanzas-no-dice-en-el-parlamento-pero-si-le-conto-a-ideal","status":"publish","type":"post","link":"https:\/\/blogs.ideal.es\/abocajarro\/2012\/09\/20\/lo-que-juan-lanzas-no-dice-en-el-parlamento-pero-si-le-conto-a-ideal\/","title":{"rendered":"Lo que Juan Lanzas no dice en el Parlamento pero s\u00ed le cont\u00f3 a IDEAL"},"content":{"rendered":"<p><a href=\"http:\/\/elpais.com\/diario\/2011\/02\/12\/andalucia\/1297466526_850215.html\" rel=\"external nofollow\">Juan Lanzas Fern\u00e1ndez<\/a> comparece ante la comisi\u00f3n parlamentaria de investigaci\u00f3n de los ERE. Aunque no le iba a decir a sus se\u00f1or\u00edas lo que tiene reservado para los o\u00eddos de la jueza Alaya, que es donde\u00a0 de verdad se juega los cuartos.<a href=\"http:\/\/www.ideal.es\/jaen\/20110210\/local\/jaen\/jienense-clave-para-llegar-201102101354.html\" rel=\"external nofollow\"> La Polic\u00eda, cuando destap\u00f3 la trama de los ERE a ra\u00edz del caso Mercasevilla, atribuy\u00f3 a Lanzas un papel &#8220;clave&#8221; para acceder a los fondos de reptiles de la Junta<\/a>. Ahora nadie conoce a Lanzas y Lanzas no conoce a nadie \u00bfPero qu\u00e9 dice Lanzas? \u00bfC\u00f3n\u00a0 qu\u00e9 argumentos se defiende? Lo que no ha dicho en el Parlamento lo ha dicho ya dos veces. Su versi\u00f3n. Una vez ante la Polic\u00eda, que lo detuvo el 13 de enero de 2011. Otra, en la prensa. IDEAL public\u00f3 en exclusiva la primera entrevista que concedi\u00f3\u00a0Lanzas. La puedes leer pinchando <a href=\"https:\/\/blogs.ideal.es\/abocajarro\/2011\/12\/31\/la-jueza-alaya-los-ere-y-jaen-vii-habla-juan-lanzas-en-exclusiva\/\">aqu\u00ed<\/a>. Lo que le dijo a la Polic\u00eda lo puedes leer en\u00a0estos extractos de su declaraci\u00f3n en Comisar\u00eda: <a href=\"https:\/\/blogs.ideal.es\/abocajarro\/2012\/09\/20\/lo-que-juan-lanzas-no-dice-en-el-parlamento-pero-si-le-conto-a-ideal\/policia1-2\/\" rel=\"attachment wp-att-598\"><img loading=\"lazy\" class=\"aligncenter size-medium wp-image-598\" title=\"polic\u00eda1\" src=\"\/abocajarro\/wp-content\/uploads\/sites\/10\/2012\/09\/polic\u00eda11-300x225.jpg\" alt=\"\" width=\"300\" height=\"225\" srcset=\"https:\/\/static-blogs.ideal.es\/wp-content\/uploads\/sites\/10\/2012\/09\/polic\u00eda11-300x225.jpg 300w, https:\/\/static-blogs.ideal.es\/wp-content\/uploads\/sites\/10\/2012\/09\/polic\u00eda11-768x576.jpg 768w, https:\/\/static-blogs.ideal.es\/wp-content\/uploads\/sites\/10\/2012\/09\/polic\u00eda11.jpg 1024w\" sizes=\"(max-width: 300px) 100vw, 300px\" \/><\/a> <a href=\"https:\/\/blogs.ideal.es\/abocajarro\/2012\/09\/20\/lo-que-juan-lanzas-no-dice-en-el-parlamento-pero-si-le-conto-a-ideal\/policia5\/\" rel=\"attachment wp-att-597\"><img loading=\"lazy\" class=\"aligncenter size-medium wp-image-597\" title=\"Polic\u00eda5\" src=\"\/abocajarro\/wp-content\/uploads\/sites\/10\/2012\/09\/Polic\u00eda5-225x300.jpg\" alt=\"\" width=\"225\" height=\"300\" srcset=\"https:\/\/static-blogs.ideal.es\/wp-content\/uploads\/sites\/10\/2012\/09\/Polic\u00eda5-225x300.jpg 225w, https:\/\/static-blogs.ideal.es\/wp-content\/uploads\/sites\/10\/2012\/09\/Polic\u00eda5.jpg 576w\" sizes=\"(max-width: 225px) 100vw, 225px\" \/><\/a> As\u00ed que Lanzas no sab\u00eda nada y la gente se empe\u00f1aba en meterle dinero en su cuenta corriente, por las buenas o por las malas. De que \u00e9l mismo figurase como prejubilado, y su mujer, y su cu\u00f1ada (y otras pesonas de su entorno y con las que tuvo relaci\u00f3n personal o profesional), solo puede decir que le pregunten a otros por \u00e9so. Lo dicho, que si la gente se empe\u00f1aba en meterle el dinero en el bolsillo, pues a ver qu\u00e9 iba a hacer \u00e9l, que se ha matado a trabajar para levantar Espa\u00f1a.<\/p>\n<p>Son cosas que s\u00f3lo pasan en la Andaluc\u00eda imparable. Cosas como que la Junta no sea capaz de encontrar a otro de los implicados en el esc\u00e1ndalo, el ch\u00f3fer de la coca, cuando es p\u00fablico y notorio que Alaya lo mand\u00f3 a prisi\u00f3n en marzo pasado, <a href=\"http:\/\/www.abcdesevilla.es\/20120919\/andalucia\/sevi-junta-busca-chofer-201209182105.html\" rel=\"external nofollow\">seg\u00fan informa ABC<\/a>.<\/p>\n<p>Por cierto, que de la sesi\u00f3n de la ma\u00f1ana mucho ojito con las declaraciones de Jos\u00e9 Gonz\u00e1lez Matas, de la mediadora Uniter, que ha hablado de un mel\u00f3n todav\u00eda sin abrir como es el de Santana.<\/p>\n<p>ACTUALIZACI\u00d3N:<\/p>\n<p>Europa Press da detalles sobre el paso de Juan Lanzas por el Parlamento. &#8220;Lanzas, que se ha mostrado sonriente durante la intervenci\u00f3n de los portavoces de los grupos, ha se\u00f1alado que ni es &#8220;el perejil de todas las salsas&#8221; ni su vida est\u00e1 llena de &#8220;andanzas&#8221;, pero otra cosa es que por su &#8220;perfil&#8221; terceras personas le adjudiquen cosas &#8220;con facilidad&#8221; para exculparse ellos. Ha admitido que ha mantenido reuniones con el exdirector de Trabajo Francisco Javier Guerrero, tambi\u00e9n imputado, con el que ha mantenido una &#8220;cierta amistad&#8221; fruto de muchos a\u00f1os &#8220;de contacto&#8221;, y que en alguna ocasi\u00f3n se ha reunido con el exconsejero andaluz de la Presidencia Gaspar Zarr\u00edas para tratar asuntos de Ja\u00e9n, aunque con el exconsejero Antonio Fern\u00e1ndez s\u00f3lo coincidi\u00f3 una vez, cosa que nunca ocurri\u00f3 con Jos\u00e9 Antonio Viera. Aunque ha dicho que no sabe c\u00f3mo funciona la administraci\u00f3n, Lanzas considera que los cargos que han prestado declaraci\u00f3n ya en la comisi\u00f3n de investigaci\u00f3n &#8220;fueron buenos gestores&#8221; porque vio &#8220;buenos gestos&#8221; en la Junta. &#8220;Quiz\u00e1s haya habido alg\u00fan problema de algo, pero yo no lo s\u00e9&#8221;, ha a\u00f1adido Lanzas, quien ha explicado que su funci\u00f3n era &#8220;muy simple, intentar poner de acuerdo a una persona y a otra en la base&#8221;.<\/p>\n<p>Tambi\u00e9n se \u00a0ha quejado del &#8220;desmedido&#8221; despliegue informativo que se ha hecho sobre \u00e9l, entiende que &#8220;no es l\u00f3gico&#8221; que los portavoces empleen su intervenci\u00f3n en &#8220;dejar una tenue niebla por encima de todo&#8221; y que se le est\u00e9 &#8220;intentando decir&#8221; que es culpable porque guarda silencio.<\/p>\n","protected":false},"excerpt":{"rendered":"<p>Juan Lanzas Fern\u00e1ndez comparece ante la comisi\u00f3n parlamentaria de investigaci\u00f3n de los ERE. Aunque no le iba a decir a sus se\u00f1or\u00edas lo que tiene reservado para los o\u00eddos de la jueza Alaya, que es donde\u00a0 de verdad se juega los cuartos. La Polic\u00eda, cuando destap\u00f3 la trama de los ERE a ra\u00edz del caso [&hellip;]<\/p>\n","protected":false},"author":6,"featured_media":0,"comment_status":"open","ping_status":"closed","sticky":false,"template":"","format":"standard","meta":[],"categories":[2],"tags":[],"_links":{"self":[{"href":"https:\/\/blogs.ideal.es\/abocajarro\/wp-json\/wp\/v2\/posts\/595"}],"collection":[{"href":"https:\/\/blogs.ideal.es\/abocajarro\/wp-json\/wp\/v2\/posts"}],"about":[{"href":"https:\/\/blogs.ideal.es\/abocajarro\/wp-json\/wp\/v2\/types\/post"}],"author":[{"embeddable":true,"href":"https:\/\/blogs.ideal.es\/abocajarro\/wp-json\/wp\/v2\/users\/6"}],"replies":[{"embeddable":true,"href":"https:\/\/blogs.ideal.es\/abocajarro\/wp-json\/wp\/v2\/comments?post=595"}],"version-history":[{"count":0,"href":"https:\/\/blogs.ideal.es\/abocajarro\/wp-json\/wp\/v2\/posts\/595\/revisions"}],"wp:attachment":[{"href":"https:\/\/blogs.ideal.es\/abocajarro\/wp-json\/wp\/v2\/media?parent=595"}],"wp:term":[{"taxonomy":"category","embeddable":true,"href":"https:\/\/blogs.ideal.es\/abocajarro\/wp-json\/wp\/v2\/categories?post=595"},{"taxonomy":"post_tag","embeddable":true,"href":"https:\/\/blogs.ideal.es\/abocajarro\/wp-json\/wp\/v2\/tags?post=595"}],"curies":[{"name":"wp","href":"https:\/\/api.w.org\/{rel}","templated":true}]}}