{"id":60,"date":"2010-01-13T13:16:00","date_gmt":"2010-01-13T13:16:00","guid":{"rendered":"http:\/\/blogs.ideal.es\/abocajarro\/?p=60"},"modified":"2010-01-13T13:16:00","modified_gmt":"2010-01-13T13:16:00","slug":"decano-los-jueces","status":"publish","type":"post","link":"https:\/\/blogs.ideal.es\/abocajarro\/2010\/01\/13\/decano-los-jueces\/","title":{"rendered":"Decano de los jueces"},"content":{"rendered":"<p>Saturnino Regidor ha cesado ya como titular del Primera Instancia 1 y decano de los jueces de Ja\u00e9n, y ha ocupado su reci\u00e9n obtenida plaza en la Secci\u00f3n Tercera de la Audiencia Provincial. Empieza el baile para la sucesi\u00f3n en el decanato. Las elecciones est\u00e1n convocadas para el 27 de enero. Mientras tanto, el puesto lo ostenta de forma interina Ricardo de Villegas M\u00e9ndez-Vigo, magistrado de lo Social y el m\u00e1s antiguo del escalaf\u00f3n en estos momentos. Ocho d\u00edas antes de las elecciones los magistrados que aspiren al cargo podr\u00e1n presentar su candidatura.<\/p>\n<p>Se da por seguro que Jos\u00e9 Mar\u00eda Ca\u00f1ada Cl\u00e9 ser\u00e1 uno de los candidatos. Es el favorito. Cuenta con el respaldo de la Asociaci\u00f3n Profesional de la Magistratura, al la que se suele identificar como &#8216;convervadora, mayoritaria entre la judicatura jienense. En el mundo judicial se espera con expectaci\u00f3n ver qu\u00e9 har\u00e1 el otro posible candidato, Antonio Valdivia, que intentar\u00eda aglutinar el voto de los sectores autodenominados &#8216;progresistas&#8217;. A\u00fan est\u00e1 por ver si finalmente se decide a presentar candidatura. Pero el cotarro judicial est\u00e1 ya en ebullici\u00f3n.<\/p>\n","protected":false},"excerpt":{"rendered":"<p>Saturnino Regidor ha cesado ya como titular del Primera Instancia 1 y decano de los jueces de Ja\u00e9n, y ha ocupado su reci\u00e9n obtenida plaza en la Secci\u00f3n Tercera de la Audiencia Provincial. Empieza el baile para la sucesi\u00f3n en el decanato. Las elecciones est\u00e1n convocadas para el 27 de enero. Mientras tanto, el puesto [&hellip;]<\/p>\n","protected":false},"author":6,"featured_media":0,"comment_status":"open","ping_status":"closed","sticky":false,"template":"","format":"standard","meta":[],"categories":[2],"tags":[],"_links":{"self":[{"href":"https:\/\/blogs.ideal.es\/abocajarro\/wp-json\/wp\/v2\/posts\/60"}],"collection":[{"href":"https:\/\/blogs.ideal.es\/abocajarro\/wp-json\/wp\/v2\/posts"}],"about":[{"href":"https:\/\/blogs.ideal.es\/abocajarro\/wp-json\/wp\/v2\/types\/post"}],"author":[{"embeddable":true,"href":"https:\/\/blogs.ideal.es\/abocajarro\/wp-json\/wp\/v2\/users\/6"}],"replies":[{"embeddable":true,"href":"https:\/\/blogs.ideal.es\/abocajarro\/wp-json\/wp\/v2\/comments?post=60"}],"version-history":[{"count":0,"href":"https:\/\/blogs.ideal.es\/abocajarro\/wp-json\/wp\/v2\/posts\/60\/revisions"}],"wp:attachment":[{"href":"https:\/\/blogs.ideal.es\/abocajarro\/wp-json\/wp\/v2\/media?parent=60"}],"wp:term":[{"taxonomy":"category","embeddable":true,"href":"https:\/\/blogs.ideal.es\/abocajarro\/wp-json\/wp\/v2\/categories?post=60"},{"taxonomy":"post_tag","embeddable":true,"href":"https:\/\/blogs.ideal.es\/abocajarro\/wp-json\/wp\/v2\/tags?post=60"}],"curies":[{"name":"wp","href":"https:\/\/api.w.org\/{rel}","templated":true}]}}