{"id":601,"date":"2012-09-24T09:49:04","date_gmt":"2012-09-24T08:49:04","guid":{"rendered":"http:\/\/blogs.ideal.es\/abocajarro\/?p=601"},"modified":"2012-09-24T09:49:04","modified_gmt":"2012-09-24T08:49:04","slug":"album-de-pobreza","status":"publish","type":"post","link":"https:\/\/blogs.ideal.es\/abocajarro\/2012\/09\/24\/album-de-pobreza\/","title":{"rendered":"Album de pobreza"},"content":{"rendered":"<p>Las fotos que cuelgo a continuaci\u00f3n las tom\u00e9 el mismo d\u00eda, todas en el itinerario de ida y vuelta de casa al trabajo. Me pregunto cu\u00e1ntas situaciones de pobreza nos resbalan y nos pasan desapercibidas, de tanto verlas en nuestras calles y en nuestros barrios.<\/p>\n<p><a href=\"https:\/\/blogs.ideal.es\/abocajarro\/2012\/09\/24\/album-de-pobreza\/pobre1-2\/\" rel=\"attachment wp-att-604\"><img loading=\"lazy\" class=\"aligncenter size-medium wp-image-604\" title=\"pobre1\" src=\"\/abocajarro\/wp-content\/uploads\/sites\/10\/2012\/09\/pobre11-225x300.jpg\" alt=\"\" width=\"225\" height=\"300\" srcset=\"https:\/\/static-blogs.ideal.es\/wp-content\/uploads\/sites\/10\/2012\/09\/pobre11-225x300.jpg 225w, https:\/\/static-blogs.ideal.es\/wp-content\/uploads\/sites\/10\/2012\/09\/pobre11.jpg 768w\" sizes=\"(max-width: 225px) 100vw, 225px\" \/><\/a><\/p>\n<p>\u00a0<a href=\"https:\/\/blogs.ideal.es\/abocajarro\/2012\/09\/24\/album-de-pobreza\/pobre4\/\" rel=\"attachment wp-att-607\"><img loading=\"lazy\" class=\"aligncenter size-medium wp-image-607\" title=\"pobre4\" src=\"\/abocajarro\/wp-content\/uploads\/sites\/10\/2012\/09\/pobre4-225x300.jpg\" alt=\"\" width=\"225\" height=\"300\" srcset=\"https:\/\/static-blogs.ideal.es\/wp-content\/uploads\/sites\/10\/2012\/09\/pobre4-225x300.jpg 225w, https:\/\/static-blogs.ideal.es\/wp-content\/uploads\/sites\/10\/2012\/09\/pobre4.jpg 576w\" sizes=\"(max-width: 225px) 100vw, 225px\" \/><\/a><a href=\"https:\/\/blogs.ideal.es\/abocajarro\/2012\/09\/24\/album-de-pobreza\/pobre3\/\" rel=\"attachment wp-att-606\"><img loading=\"lazy\" class=\"aligncenter size-medium wp-image-606\" title=\"pobre3\" src=\"\/abocajarro\/wp-content\/uploads\/sites\/10\/2012\/09\/pobre3-300x225.jpg\" alt=\"\" width=\"300\" height=\"225\" srcset=\"https:\/\/static-blogs.ideal.es\/wp-content\/uploads\/sites\/10\/2012\/09\/pobre3-300x225.jpg 300w, https:\/\/static-blogs.ideal.es\/wp-content\/uploads\/sites\/10\/2012\/09\/pobre3-768x576.jpg 768w, https:\/\/static-blogs.ideal.es\/wp-content\/uploads\/sites\/10\/2012\/09\/pobre3.jpg 1024w\" sizes=\"(max-width: 300px) 100vw, 300px\" \/><\/a><a href=\"https:\/\/blogs.ideal.es\/abocajarro\/2012\/09\/24\/album-de-pobreza\/pobre2\/\" rel=\"attachment wp-att-605\"><img loading=\"lazy\" class=\"aligncenter size-medium wp-image-605\" title=\"Pobre2\" src=\"\/abocajarro\/wp-content\/uploads\/sites\/10\/2012\/09\/Pobre2-300x225.jpg\" alt=\"\" width=\"300\" height=\"225\" srcset=\"https:\/\/static-blogs.ideal.es\/wp-content\/uploads\/sites\/10\/2012\/09\/Pobre2-300x225.jpg 300w, https:\/\/static-blogs.ideal.es\/wp-content\/uploads\/sites\/10\/2012\/09\/Pobre2-768x576.jpg 768w, https:\/\/static-blogs.ideal.es\/wp-content\/uploads\/sites\/10\/2012\/09\/Pobre2.jpg 1024w\" sizes=\"(max-width: 300px) 100vw, 300px\" \/><\/a><\/p>\n","protected":false},"excerpt":{"rendered":"<p>Las fotos que cuelgo a continuaci\u00f3n las tom\u00e9 el mismo d\u00eda, todas en el itinerario de ida y vuelta de casa al trabajo. Me pregunto cu\u00e1ntas situaciones de pobreza nos resbalan y nos pasan desapercibidas, de tanto verlas en nuestras calles y en nuestros barrios. \u00a0<\/p>\n","protected":false},"author":6,"featured_media":0,"comment_status":"open","ping_status":"closed","sticky":false,"template":"","format":"standard","meta":[],"categories":[2],"tags":[],"_links":{"self":[{"href":"https:\/\/blogs.ideal.es\/abocajarro\/wp-json\/wp\/v2\/posts\/601"}],"collection":[{"href":"https:\/\/blogs.ideal.es\/abocajarro\/wp-json\/wp\/v2\/posts"}],"about":[{"href":"https:\/\/blogs.ideal.es\/abocajarro\/wp-json\/wp\/v2\/types\/post"}],"author":[{"embeddable":true,"href":"https:\/\/blogs.ideal.es\/abocajarro\/wp-json\/wp\/v2\/users\/6"}],"replies":[{"embeddable":true,"href":"https:\/\/blogs.ideal.es\/abocajarro\/wp-json\/wp\/v2\/comments?post=601"}],"version-history":[{"count":0,"href":"https:\/\/blogs.ideal.es\/abocajarro\/wp-json\/wp\/v2\/posts\/601\/revisions"}],"wp:attachment":[{"href":"https:\/\/blogs.ideal.es\/abocajarro\/wp-json\/wp\/v2\/media?parent=601"}],"wp:term":[{"taxonomy":"category","embeddable":true,"href":"https:\/\/blogs.ideal.es\/abocajarro\/wp-json\/wp\/v2\/categories?post=601"},{"taxonomy":"post_tag","embeddable":true,"href":"https:\/\/blogs.ideal.es\/abocajarro\/wp-json\/wp\/v2\/tags?post=601"}],"curies":[{"name":"wp","href":"https:\/\/api.w.org\/{rel}","templated":true}]}}