{"id":609,"date":"2012-09-24T22:05:10","date_gmt":"2012-09-24T21:05:10","guid":{"rendered":"http:\/\/blogs.ideal.es\/abocajarro\/?p=609"},"modified":"2012-09-24T22:05:10","modified_gmt":"2012-09-24T21:05:10","slug":"ojo-con-las-escuchas","status":"publish","type":"post","link":"https:\/\/blogs.ideal.es\/abocajarro\/2012\/09\/24\/ojo-con-las-escuchas\/","title":{"rendered":"Ojo con las escuchas"},"content":{"rendered":"<p><a href=\"https:\/\/blogs.ideal.es\/abocajarro\/2012\/09\/24\/ojo-con-las-escuchas\/juicio2\/\" rel=\"attachment wp-att-611\"><img loading=\"lazy\" class=\"aligncenter size-medium wp-image-611\" title=\"juicio2\" src=\"\/abocajarro\/wp-content\/uploads\/sites\/10\/2012\/09\/juicio2-300x225.jpg\" alt=\"\" width=\"300\" height=\"225\" srcset=\"https:\/\/static-blogs.ideal.es\/wp-content\/uploads\/sites\/10\/2012\/09\/juicio2-300x225.jpg 300w, https:\/\/static-blogs.ideal.es\/wp-content\/uploads\/sites\/10\/2012\/09\/juicio2-768x576.jpg 768w, https:\/\/static-blogs.ideal.es\/wp-content\/uploads\/sites\/10\/2012\/09\/juicio2.jpg 1024w\" sizes=\"(max-width: 300px) 100vw, 300px\" \/><\/a><\/p>\n<p>Acaba de terminar el juicio m\u00e1s largo del a\u00f1o (de momento, que vienen varios jurados de los duros) en Ja\u00e9n. Un feo asunto de drogas con 17 acusadosentre ellos<a href=\"http:\/\/www.ideal.es\/jaen\/20120918\/local\/jaen\/juzgan-audiencia-policia-nacional-201209181854.html\" rel=\"external nofollow\"> un polic\u00eda acusado de avisarles de posibles operaciones antidroga<\/a>.\u00a0<a href=\"http:\/\/www.ideal.es\/jaen\/20120924\/local\/jaen\/piden-meses-para-policia-201209241850.html\" rel=\"external nofollow\">\u00a0(el fiscal ha retirado los\u00a0cargos contra cinco de ellos y cuatro se han declarado culpables)<\/a> Como en muchos juicios de drogas, la clave va a estar en las escuchas. Las defensas han insistido en que no estuvieron bien motivadas ni bien controladas por el juzgado. El asunto cobra especial trascendencia porque estas alegaciones se han hecho ante el tribunal de la Secci\u00f3n Tercera de la Audiencia Provincial de Ja\u00e9n. Una secci\u00f3n que preside el magistrado <strong>Jos\u00e9 C\u00e1liz Covaleda<\/strong>, y que se ha mostrado hist\u00f3ricamente muy sensible con el tema de las escuchas. Como muestra, ah\u00ed va una informaci\u00f3n de junio de 2006 en un asunto que provoc\u00f3 un serio rifirraje entre Fiscal\u00eda y la presidencia del tribunal.<\/p>\n<p><em>La Secci\u00f3n Tercera de la Audiencia Provincia declar\u00f3 ayer nulas como prueba en un juicio las escuchas telef\u00f3nicas a supuestos traficantes de coca\u00edna a los que la Guardia Civil mantuvo bajo vigilancia en un operativo realizado entre abril de 2003 y enero de 2004. En el banquillo de los acusados se sentaban cuatro j\u00f3venes implicados en el transporte de un paquete con 300 gramos de coca entre Linares-Baeza y Ja\u00e9n. A dos de ellos se les supon\u00edan numerosas operaciones de venta al menudeo en Ja\u00e9n. Hab\u00eda conversaciones grabadas tan curiosas -seg\u00fan dijo uno de los guardias en la vista oral- como una en la que un individuo le encargaba a uno de los acusados que le llevase \u00abmedio compact disc\u00bb. Pero no servir\u00e1n de prueba de cargo contra los acusados porque el Tribunal consider\u00f3 que no se hab\u00edan respetado todas las garant\u00edas necesarias para salvaguardar los derechos constitucionales de los acusados.<\/em><br \/>\n<em>El Tribunal rechaz\u00f3 incluso el intento de la Fiscal para que se admitiese al menos una de las cintas, que hab\u00eda sido transcrita completa y bajo la supervisi\u00f3n del secretario del juzgado.<\/em><br \/>\n<em>La Secci\u00f3n Tercera tambi\u00e9n absolvi\u00f3 recientemente a otro acusado de tr\u00e1fico de drogas al que la Polic\u00eda Nacional hab\u00eda pinchado el tel\u00e9fono. En esta ocasi\u00f3n se argument\u00f3 que hab\u00eda pasado demasiado tiempo (casi un a\u00f1o) desde que se grabaron las cintas hasta que se procedi\u00f3 al cotejo de su transcripci\u00f3n con el secretario judicial, mientras que la doctrina del Constitucional indica que debe hacerse \u00abinmediatamente\u00bb. Sin cintas no hab\u00eda pruebas de cargo de peso. Y el TC anul\u00f3 la semana pasada otra condena de la Audiencia por drogas al haber un \u00abcontrol defectuoso\u00bb de las escuchas por el juez.<\/em><\/p>\n<p>En el caso que ha quedado ahora visto para sentencia hay mucho en juego pendiente de la validez de las escuchas: entre ellas, <strong>una investigaci\u00f3n de Asuntos Internos<\/strong> de la Polic\u00eda. Adem\u00e1s de la suerte de 8 personas, que no se han conformado.\u00a0 \u00bfY qu\u00e9 cara pondr\u00edan los que han admitido que traficaban si ahora declaran nulas las escuchas?<\/p>\n","protected":false},"excerpt":{"rendered":"<p>Acaba de terminar el juicio m\u00e1s largo del a\u00f1o (de momento, que vienen varios jurados de los duros) en Ja\u00e9n. Un feo asunto de drogas con 17 acusadosentre ellos un polic\u00eda acusado de avisarles de posibles operaciones antidroga.\u00a0\u00a0(el fiscal ha retirado los\u00a0cargos contra cinco de ellos y cuatro se han declarado culpables) Como en muchos [&hellip;]<\/p>\n","protected":false},"author":6,"featured_media":0,"comment_status":"open","ping_status":"closed","sticky":false,"template":"","format":"standard","meta":[],"categories":[2],"tags":[],"_links":{"self":[{"href":"https:\/\/blogs.ideal.es\/abocajarro\/wp-json\/wp\/v2\/posts\/609"}],"collection":[{"href":"https:\/\/blogs.ideal.es\/abocajarro\/wp-json\/wp\/v2\/posts"}],"about":[{"href":"https:\/\/blogs.ideal.es\/abocajarro\/wp-json\/wp\/v2\/types\/post"}],"author":[{"embeddable":true,"href":"https:\/\/blogs.ideal.es\/abocajarro\/wp-json\/wp\/v2\/users\/6"}],"replies":[{"embeddable":true,"href":"https:\/\/blogs.ideal.es\/abocajarro\/wp-json\/wp\/v2\/comments?post=609"}],"version-history":[{"count":0,"href":"https:\/\/blogs.ideal.es\/abocajarro\/wp-json\/wp\/v2\/posts\/609\/revisions"}],"wp:attachment":[{"href":"https:\/\/blogs.ideal.es\/abocajarro\/wp-json\/wp\/v2\/media?parent=609"}],"wp:term":[{"taxonomy":"category","embeddable":true,"href":"https:\/\/blogs.ideal.es\/abocajarro\/wp-json\/wp\/v2\/categories?post=609"},{"taxonomy":"post_tag","embeddable":true,"href":"https:\/\/blogs.ideal.es\/abocajarro\/wp-json\/wp\/v2\/tags?post=609"}],"curies":[{"name":"wp","href":"https:\/\/api.w.org\/{rel}","templated":true}]}}