{"id":64,"date":"2010-01-19T17:31:00","date_gmt":"2010-01-19T17:31:00","guid":{"rendered":"http:\/\/blogs.ideal.es\/abocajarro\/?p=64"},"modified":"2010-01-19T17:31:00","modified_gmt":"2010-01-19T17:31:00","slug":"un-jienense-rey-granada","status":"publish","type":"post","link":"https:\/\/blogs.ideal.es\/abocajarro\/2010\/01\/19\/un-jienense-rey-granada\/","title":{"rendered":"Un jienense, rey de Granada"},"content":{"rendered":"<p>La Junta pone al <A id=link_0 title=http:\/\/www.ideal.es\/granada\/20100119\/granada\/junta-resucita-milenio-granada-20100119.html href=\"http:\/\/www.ideal.es\/granada\/20100119\/granada\/junta-resucita-milenio-granada-20100119.html\">consejero de Presidencia, Antonio Avila<\/A> (Alcal\u00e1 la Real, 1965) como presidente del Milenio del Reino de Granada. Con un par. Ah\u00ed llevan los grana\u00ednos a un jienense, de la muy fronteriza villa de Alcal\u00e1 la Real, para que les salve el invento que se les cae a pedazos tras la dimisi\u00f3n del anterior presidente (ver post &#8216;El enga\u00f1o del milenio&#8217; en este mismo blog). Ya hubo <A id=link_0 title=http:\/\/es.wikipedia.org\/wiki\/Muhammad_ibn_Nasr href=\"http:\/\/es.wikipedia.org\/wiki\/Muhammad_ibn_Nasr\">un jienense rey de Granada<\/A>, y no les fue mal. Alhamar &#8216;el Rojo&#8217;, ni m\u00e1s ni menos, que les fund\u00f3 all\u00ed la dinast\u00eda Nazar\u00ed, y llev\u00f3 al reino de Granada a su m\u00e1xima extensi\u00f3n territorial. Aunque luego, en Ja\u00e9n, se tuvo que postrar a los pies de Fernando III, declararse su vasallo y entregarle la ciudad. No creo que a \u00c1vila le vaya muy bien el apodo de &#8216;El Rojo&#8217;, por m\u00e1s que pertenezca a un gobierno de izquierdas. En su vida pol\u00edtica nunca ha estado pegado ni a las siglas ni al terru\u00f1o jienense, sino a Gri\u00f1\u00e1n. No entr\u00f3 en el Gobierno andaluz v\u00eda partido, sino v\u00eda Gri\u00f1\u00e1n, con el que colaboraba en el \u00e1rea de Econom\u00eda desde hac\u00eda tiempo. Con \u00c1vila la Junta ha tomado directamente las riendas del Milenio. Dios salve al Reino de Granada.<\/p>\n<p>A finales de noviembre de 2009, cuando se constituy\u00f3 oficialmente el consorcio que iba a dirigir la conmemoracion del Milenio, hubo otro jienense en primera l\u00ednea como m\u00e1ximo representante de la administraci\u00f3n del Estado: Gaspar Zarr\u00edas. El virrey, como le gustaba llamarlo al maestro Ar\u00e9valo. La otra pata de la presencia provincial en el evento es la participaci\u00f3n de la Diputaci\u00f3n (junto a otras muchas). Entre jienenses anda el juego. Aunque el juego, la verdad, es que anda de pena.<\/p>\n<p><IMG id=img_0 src=\"\/\/farm5.static.flickr.com\/4015\/4288508110_ed142b2122.jpg\"><\/p>\n<p>En la foto, tomada en Granada por el compa\u00f1ero Gonz\u00e1lez Molero en noviembre de 2009, se puede ver a \u00c1vila y Zarr\u00edas presidiendo la constituci\u00f3n del consorcio, con Felipe L\u00f3pez a la derecha de Zarr\u00edas.<\/p>\n","protected":false},"excerpt":{"rendered":"<p>La Junta pone al consejero de Presidencia, Antonio Avila (Alcal\u00e1 la Real, 1965) como presidente del Milenio del Reino de Granada. Con un par. Ah\u00ed llevan los grana\u00ednos a un jienense, de la muy fronteriza villa de Alcal\u00e1 la Real, para que les salve el invento que se les cae a pedazos tras la dimisi\u00f3n [&hellip;]<\/p>\n","protected":false},"author":6,"featured_media":0,"comment_status":"open","ping_status":"closed","sticky":false,"template":"","format":"standard","meta":[],"categories":[2],"tags":[],"_links":{"self":[{"href":"https:\/\/blogs.ideal.es\/abocajarro\/wp-json\/wp\/v2\/posts\/64"}],"collection":[{"href":"https:\/\/blogs.ideal.es\/abocajarro\/wp-json\/wp\/v2\/posts"}],"about":[{"href":"https:\/\/blogs.ideal.es\/abocajarro\/wp-json\/wp\/v2\/types\/post"}],"author":[{"embeddable":true,"href":"https:\/\/blogs.ideal.es\/abocajarro\/wp-json\/wp\/v2\/users\/6"}],"replies":[{"embeddable":true,"href":"https:\/\/blogs.ideal.es\/abocajarro\/wp-json\/wp\/v2\/comments?post=64"}],"version-history":[{"count":0,"href":"https:\/\/blogs.ideal.es\/abocajarro\/wp-json\/wp\/v2\/posts\/64\/revisions"}],"wp:attachment":[{"href":"https:\/\/blogs.ideal.es\/abocajarro\/wp-json\/wp\/v2\/media?parent=64"}],"wp:term":[{"taxonomy":"category","embeddable":true,"href":"https:\/\/blogs.ideal.es\/abocajarro\/wp-json\/wp\/v2\/categories?post=64"},{"taxonomy":"post_tag","embeddable":true,"href":"https:\/\/blogs.ideal.es\/abocajarro\/wp-json\/wp\/v2\/tags?post=64"}],"curies":[{"name":"wp","href":"https:\/\/api.w.org\/{rel}","templated":true}]}}