{"id":65,"date":"2010-01-20T11:44:00","date_gmt":"2010-01-20T11:44:00","guid":{"rendered":"http:\/\/blogs.ideal.es\/abocajarro\/?p=65"},"modified":"2010-01-20T11:44:00","modified_gmt":"2010-01-20T11:44:00","slug":"la-porteria-la-verguenza","status":"publish","type":"post","link":"https:\/\/blogs.ideal.es\/abocajarro\/2010\/01\/20\/la-porteria-la-verguenza\/","title":{"rendered":"La porter\u00eda de la verg\u00fcenza"},"content":{"rendered":"<p>Horas antes de las elecciones municipales que habr\u00edan de convertirla en alcaldesa en mayo de 2007, Carmen Pe\u00f1alver acus\u00f3 al PP de no haber actuado &#8220;ni humana ni pol\u00edticamente&#8221; bien en ante muerte del ni\u00f1o Cristian, al que en 2005 le cay\u00f3 encima una porter\u00eda propiedad del Ayuntamiento en las pistas deportivas de La Glorieta. &#8220;Ha habido una gran falta de sensibildiad en el Gobierno del PP&#8221;, lleg\u00f3 a decir al d\u00eda siguiente de que el juez archivase la v\u00eda penal en el &#8216;caso de la porter\u00eda&#8217;. Con el cuerpo de Cristian a\u00fan caliente, reci\u00e9n enterrado en un ata\u00fad blanco, el 4 de noviembre de 2005, la concejal socialista Carmen Guerrero ya hablaba de la &#8220;gesti\u00f3n irresponsable&#8221;, del PP, y ped\u00eda dimisiones. En los dos a\u00f1os desde el accidente hasta que el juez archiv\u00f3 el caso por la v\u00eda penal, el PP tuvo que aguantar c\u00f3mo el PSOE, desde la oposici\u00f3n, le echaba en cara el asunto de la porter\u00eda a la m\u00ednima.<\/p>\n<p> El 24 de mayo de 2007 el magistrado Humberto Herrera, por entonces titular del juzgado de Instrucci\u00f3n 2 de Ja\u00e9n, determin\u00f3 que no hab\u00eda responsabilidad penal alguna. No que no hubiese responsabilidad del Ayuntamiento. La hay como propietario de las instalaciones donde ocurri\u00f3 en accidente. Que pague, al menos.<\/p>\n<p> Con los antecedentes de buenas intenciones humanitarias y sensibilidad en el actual gobierno municipal, me sorprende que ahora la madre de Cristian haga p\u00fablico no s\u00f3lo que el Ayuntamiento a\u00fan no ha asumido la responsabilidad civil, sino que ni la reciben desde octubre ni nadie se molesta en explicarle por qu\u00e9 tantas demoras. &#8220;Cuando ocurri\u00f3 aquello estuvieron en mi piso&#8221;, me contaba ayer la madre de Cristian sobre la alcaldesa y otros miembros de su equipo. Ha habido ya dos a\u00f1os para arreglar las indemnizaciones (la madre pide 200.000 euros, el padre 180.000) con lo que corresponda. S\u00f3lo cabe reclamar al Ayuntamiento humanidad, sensibilidad, para solventar los obst\u00e1culos y cerrar ya, en lo que est\u00e1 en su mano, el dolor de una familia que enterr\u00f3 a un ni\u00f1o que una tarde de finales de octubre sali\u00f3 de casa a jugar al f\u00fatbol. <\/p>\n","protected":false},"excerpt":{"rendered":"<p>Horas antes de las elecciones municipales que habr\u00edan de convertirla en alcaldesa en mayo de 2007, Carmen Pe\u00f1alver acus\u00f3 al PP de no haber actuado &#8220;ni humana ni pol\u00edticamente&#8221; bien en ante muerte del ni\u00f1o Cristian, al que en 2005 le cay\u00f3 encima una porter\u00eda propiedad del Ayuntamiento en las pistas deportivas de La Glorieta. [&hellip;]<\/p>\n","protected":false},"author":6,"featured_media":0,"comment_status":"open","ping_status":"closed","sticky":false,"template":"","format":"standard","meta":[],"categories":[2],"tags":[],"_links":{"self":[{"href":"https:\/\/blogs.ideal.es\/abocajarro\/wp-json\/wp\/v2\/posts\/65"}],"collection":[{"href":"https:\/\/blogs.ideal.es\/abocajarro\/wp-json\/wp\/v2\/posts"}],"about":[{"href":"https:\/\/blogs.ideal.es\/abocajarro\/wp-json\/wp\/v2\/types\/post"}],"author":[{"embeddable":true,"href":"https:\/\/blogs.ideal.es\/abocajarro\/wp-json\/wp\/v2\/users\/6"}],"replies":[{"embeddable":true,"href":"https:\/\/blogs.ideal.es\/abocajarro\/wp-json\/wp\/v2\/comments?post=65"}],"version-history":[{"count":0,"href":"https:\/\/blogs.ideal.es\/abocajarro\/wp-json\/wp\/v2\/posts\/65\/revisions"}],"wp:attachment":[{"href":"https:\/\/blogs.ideal.es\/abocajarro\/wp-json\/wp\/v2\/media?parent=65"}],"wp:term":[{"taxonomy":"category","embeddable":true,"href":"https:\/\/blogs.ideal.es\/abocajarro\/wp-json\/wp\/v2\/categories?post=65"},{"taxonomy":"post_tag","embeddable":true,"href":"https:\/\/blogs.ideal.es\/abocajarro\/wp-json\/wp\/v2\/tags?post=65"}],"curies":[{"name":"wp","href":"https:\/\/api.w.org\/{rel}","templated":true}]}}