{"id":66,"date":"2010-01-22T11:55:00","date_gmt":"2010-01-22T11:55:00","guid":{"rendered":"http:\/\/blogs.ideal.es\/abocajarro\/?p=66"},"modified":"2010-01-22T11:55:00","modified_gmt":"2010-01-22T11:55:00","slug":"samuel-y-tio-julio","status":"publish","type":"post","link":"https:\/\/blogs.ideal.es\/abocajarro\/2010\/01\/22\/samuel-y-tio-julio\/","title":{"rendered":"Samuel y el t\u00edo Julio"},"content":{"rendered":"<p>Samuel est\u00e1 detenido por un feo asunto con tiros de por medio en \u00c1nd\u00fajar. Su t\u00edo Julio est\u00e1 en el hospital con una mano agujereada por un disparo a bocajarro. La sangre une biograf\u00edas truculentas.<\/p>\n<p>Samuel tiene ya 25 a\u00f1os. Cuando ten\u00eda 16, la noche del 1 de noviembre de 2000, particip\u00f3 en la muerte de Jaime Ord\u00f3\u00f1ez, al que dieron entre cuatro 33 pu\u00f1aladas. El &#8216;crimen de la movida&#8217;. Iba con Alberto Magalhaes (ver el post &#8216;Alberto y Antonio&#8217; de este mismo blog) y dos mayores. A Samuel le constan, adem\u00e1s de el crimen de la movida y el feo asunto de And\u00fajar, una detenci\u00f3n en 2008 en Catalu\u00f1a. Es curioso como en mes y medio han vuelto a la actualidad tres de los cuatro implicados en el crimen de la movida: <A id=link_0 title=http:\/\/www.ideal.es\/jaen\/20100110\/jaen\/presos-quisieron-poco-libres-20100110.html href=\"http:\/\/www.ideal.es\/jaen\/20100110\/jaen\/presos-quisieron-poco-libres-20100110.html\">Antonio penando y en v\u00edas de reinserci\u00f3n<\/A>, <A id=link_1 title=http:\/\/www.ideal.es\/jaen\/20091202\/jaen\/nadie-encuentra-magalhaes-20091202.html href=\"http:\/\/www.ideal.es\/jaen\/20091202\/jaen\/nadie-encuentra-magalhaes-20091202.html\">Alberto fugado<\/A>, <A id=link_2 title=http:\/\/www.ideal.es\/jaen\/20100122\/andujar\/detenidos-ellos-herido-mano-20100122.html href=\"http:\/\/www.ideal.es\/jaen\/20100122\/andujar\/detenidos-ellos-herido-mano-20100122.html\">Samuel<\/A> en medio de la balacera. El cuarto es Jes\u00fas Ollero, que ha pelado ya m\u00e1s de la mitad de sus 17 a\u00f1os de condena. <\/p>\n<p>La historia del t\u00edo Julio es espeluznante. Naci\u00f3 en 1966. En 1991 su nombre es famoso a nivel nacional: lider\u00f3 un mot\u00edn en el Puerto de Santa Mar\u00eda. All\u00ed, me confirma una hermada de Julio en la puerta del juzgado, <A id=link_3 title=http:\/\/www.elpais.com\/articulo\/espana\/Vete\/p\/tigre\/elpepiesp\/19910816elpepinac_9\/Tes\/ href=\"http:\/\/www.elpais.com\/articulo\/espana\/Vete\/p\/tigre\/elpepiesp\/19910816elpepinac_9\/Tes\/\">le cort\u00f3 la cabeza a otro interno<\/A>. En un reportaje publicado por el diario El Mundo, lo se\u00f1alaron como <A id=link_4 title=http:\/\/www.elmundo.es\/elmundo\/1997\/diciembre\/14\/nacional\/maspeligrosos.html href=\"http:\/\/www.elmundo.es\/elmundo\/1997\/diciembre\/14\/nacional\/maspeligrosos.html\">uno de los 10 presos m\u00e1s peligrosos de Espa\u00f1a<\/A>. Transcribo lo que all\u00ed se cuenta de \u00e9l: &#8220;Amador le dio ocho pu\u00f1aladas a otro recluso, despu\u00e9s le cort\u00f3 la cabeza y finalmente la puso en un cubo. &#8220;Esto va en serio&#8221;, espet\u00f3 a los negociadores&#8221;. <\/p>\n<p>Casi veinte a\u00f1os despu\u00e9s de aquello, su hermana explica que fueron a por \u00e9l, y que \u00e9l se defendi\u00f3. &#8220;Igual que con \u00e9sto de And\u00fajar. Fueron a por droga, que est\u00e1n engancha\u00edcos. Cuando cobran la paga a principios de mes se la dan entera. Pero le deb\u00edan y se presentaron a que les diese m\u00e1s. El otro les sac\u00f3 una pistola y le peg\u00f3 un tiro a mi Julio&#8221;, relataba en la puerta del juzgado. A\u00fan no ha podido ver a su hermano. Espera que lo dejen visitarlo en el hospital hoy mismo, una vez que el juez le haya tomado declaraci\u00f3n. A Samuel lo han podido ver brevemente mientras la Polic\u00eda lo sacaba del juzgado para devolverlo al calabozo de Comisar\u00eda, mientras se decide si lo mandan o no a prisi\u00f3n.<\/p>\n","protected":false},"excerpt":{"rendered":"<p>Samuel est\u00e1 detenido por un feo asunto con tiros de por medio en \u00c1nd\u00fajar. Su t\u00edo Julio est\u00e1 en el hospital con una mano agujereada por un disparo a bocajarro. La sangre une biograf\u00edas truculentas. Samuel tiene ya 25 a\u00f1os. Cuando ten\u00eda 16, la noche del 1 de noviembre de 2000, particip\u00f3 en la muerte [&hellip;]<\/p>\n","protected":false},"author":6,"featured_media":0,"comment_status":"open","ping_status":"closed","sticky":false,"template":"","format":"standard","meta":[],"categories":[2],"tags":[],"_links":{"self":[{"href":"https:\/\/blogs.ideal.es\/abocajarro\/wp-json\/wp\/v2\/posts\/66"}],"collection":[{"href":"https:\/\/blogs.ideal.es\/abocajarro\/wp-json\/wp\/v2\/posts"}],"about":[{"href":"https:\/\/blogs.ideal.es\/abocajarro\/wp-json\/wp\/v2\/types\/post"}],"author":[{"embeddable":true,"href":"https:\/\/blogs.ideal.es\/abocajarro\/wp-json\/wp\/v2\/users\/6"}],"replies":[{"embeddable":true,"href":"https:\/\/blogs.ideal.es\/abocajarro\/wp-json\/wp\/v2\/comments?post=66"}],"version-history":[{"count":0,"href":"https:\/\/blogs.ideal.es\/abocajarro\/wp-json\/wp\/v2\/posts\/66\/revisions"}],"wp:attachment":[{"href":"https:\/\/blogs.ideal.es\/abocajarro\/wp-json\/wp\/v2\/media?parent=66"}],"wp:term":[{"taxonomy":"category","embeddable":true,"href":"https:\/\/blogs.ideal.es\/abocajarro\/wp-json\/wp\/v2\/categories?post=66"},{"taxonomy":"post_tag","embeddable":true,"href":"https:\/\/blogs.ideal.es\/abocajarro\/wp-json\/wp\/v2\/tags?post=66"}],"curies":[{"name":"wp","href":"https:\/\/api.w.org\/{rel}","templated":true}]}}