{"id":67,"date":"2010-01-23T17:49:00","date_gmt":"2010-01-23T17:49:00","guid":{"rendered":"http:\/\/blogs.ideal.es\/abocajarro\/?p=67"},"modified":"2010-01-23T17:49:00","modified_gmt":"2010-01-23T17:49:00","slug":"periodistas","status":"publish","type":"post","link":"https:\/\/blogs.ideal.es\/abocajarro\/2010\/01\/23\/periodistas\/","title":{"rendered":"Periodistas"},"content":{"rendered":"<p>La Asociaci\u00f3n de la Prensa de Ja\u00e9n <A id=link_0 title=http:\/\/www.prensajaen.com\/index.php?option=com_content&#038;view=article&#038;id=106:la-apj-presenta-el-libro-qperiodistbuscatelavidacomq-la-profesion-vista-por-sus-protagonistas&#038;catid=3:noticias-apj&#038;Itemid=3 href=\"http:\/\/www.prensajaen.com\/index.php?option=com_content&#038;view=article&#038;id=106:la-apj-presenta-el-libro-qperiodistbuscatelavidacomq-la-profesion-vista-por-sus-protagonistas&#038;catid=3:noticias-apj&#038;Itemid=3\">ha presentado el libro <A href=\"mailto:Periodist@buscatelavida.com\">Periodist@buscatelavida.com<\/A>,<\/A> en el que 35 compa\u00f1eros reflexionamos sobre el momento actual de la profesi\u00f3n en la provincia. He le\u00eddo alguno de los art\u00edculos: como para echarse a llorar. No, no es que los textos sean malos. Los hay excelentes. Rebosantes de humor y malicia de la buena, como el de Rafa Quintana. Muy sentidos, como el de Bea Mateas. Chispeantes, como el de Mar\u00eda Jos\u00e9 \u00c1lvarez. Desencantados, como el del maestro Miranda. Necesarios, como la reinvidicaci\u00f3n del corresponsal que hace Gin\u00e9s Donaire. De verdad que aconsejo la lectura del libro a gente que no es de este mundo (del periodismo, digo, no voy a amargar a los marcianos con nuestras cuitas) para que sepan c\u00f3mo est\u00e1 el patio.<\/p>\n<p>En fin, que son 35 textos que muy bien sirven para medir la temperatura de la profesi\u00f3n: la de un cad\u00e1ver, pizca m\u00e1s o menos, que de vez en cuando da la antepen\u00faltima bocanada. La prensa jienense anda por ah\u00ed como endrog\u00e1, anestesiada, morcillona. Sin capacidad de respuesta, ni colectiva ni individual. S\u00e1lvese quien pueda. Aceptamos burro como animal de compa\u00f1\u00eda. Bandera blanca. Danos una paguilla, colocanos en el regazo de la administraci\u00f3n, financianos un cuadernillo que tengamos un chusco de pan que llevarle a nuestros churumbeles, y no sacamos a los negritos durmiendo en la calle. A\u00fan no hace ni seis meses que el de\u00e1n de la catedral le dijo la homilia del punto y final al maestro Ar\u00e9valo y ahora su ejemplo se nos antoja m\u00e1s necesario que nunca. Porque eso es lo que es m\u00e1s necesario que nunca: periodistas.<\/p>\n","protected":false},"excerpt":{"rendered":"<p>La Asociaci\u00f3n de la Prensa de Ja\u00e9n ha presentado el libro Periodist@buscatelavida.com, en el que 35 compa\u00f1eros reflexionamos sobre el momento actual de la profesi\u00f3n en la provincia. He le\u00eddo alguno de los art\u00edculos: como para echarse a llorar. No, no es que los textos sean malos. Los hay excelentes. Rebosantes de humor y malicia [&hellip;]<\/p>\n","protected":false},"author":6,"featured_media":0,"comment_status":"open","ping_status":"closed","sticky":false,"template":"","format":"standard","meta":[],"categories":[2],"tags":[],"_links":{"self":[{"href":"https:\/\/blogs.ideal.es\/abocajarro\/wp-json\/wp\/v2\/posts\/67"}],"collection":[{"href":"https:\/\/blogs.ideal.es\/abocajarro\/wp-json\/wp\/v2\/posts"}],"about":[{"href":"https:\/\/blogs.ideal.es\/abocajarro\/wp-json\/wp\/v2\/types\/post"}],"author":[{"embeddable":true,"href":"https:\/\/blogs.ideal.es\/abocajarro\/wp-json\/wp\/v2\/users\/6"}],"replies":[{"embeddable":true,"href":"https:\/\/blogs.ideal.es\/abocajarro\/wp-json\/wp\/v2\/comments?post=67"}],"version-history":[{"count":0,"href":"https:\/\/blogs.ideal.es\/abocajarro\/wp-json\/wp\/v2\/posts\/67\/revisions"}],"wp:attachment":[{"href":"https:\/\/blogs.ideal.es\/abocajarro\/wp-json\/wp\/v2\/media?parent=67"}],"wp:term":[{"taxonomy":"category","embeddable":true,"href":"https:\/\/blogs.ideal.es\/abocajarro\/wp-json\/wp\/v2\/categories?post=67"},{"taxonomy":"post_tag","embeddable":true,"href":"https:\/\/blogs.ideal.es\/abocajarro\/wp-json\/wp\/v2\/tags?post=67"}],"curies":[{"name":"wp","href":"https:\/\/api.w.org\/{rel}","templated":true}]}}