{"id":69,"date":"2010-01-26T23:06:00","date_gmt":"2010-01-26T23:06:00","guid":{"rendered":"http:\/\/blogs.ideal.es\/abocajarro\/?p=69"},"modified":"2010-01-26T23:06:00","modified_gmt":"2010-01-26T23:06:00","slug":"teixidor-cadiz","status":"publish","type":"post","link":"https:\/\/blogs.ideal.es\/abocajarro\/2010\/01\/26\/teixidor-cadiz\/","title":{"rendered":"Teixidor en C\u00e1diz"},"content":{"rendered":"<p>Un hostelero de C\u00e1diz se ha puesto en contacto con los apartamentos El Parral de R\u00edo Fr\u00edo, donde Joan Teixidor vivi\u00f3 de gorra veinte dias. El gran vividor que se ha mudado al sur desde su Catalu\u00f1a natal quiere una casa en Chiclana. No es mal sitio para pasar el invierno. Gracias a la denuncia de la hostelera de Cazorla, el empresario de C\u00e1diz no ha ca\u00eddo en la trampa. Una denuncia difundida a trav\u00e9s de ideal.es y que circula ya por media Andaluc\u00eda. En los hoteles est\u00e1n con las orejas en punta. <\/p>\n<p>En la sierra de Cazorla circulaban rumores de que habian detenido a Teixidor en Sevilla. La Guardia Civil no lo confirma.<\/p>\n","protected":false},"excerpt":{"rendered":"<p>Un hostelero de C\u00e1diz se ha puesto en contacto con los apartamentos El Parral de R\u00edo Fr\u00edo, donde Joan Teixidor vivi\u00f3 de gorra veinte dias. El gran vividor que se ha mudado al sur desde su Catalu\u00f1a natal quiere una casa en Chiclana. No es mal sitio para pasar el invierno. Gracias a la denuncia [&hellip;]<\/p>\n","protected":false},"author":6,"featured_media":0,"comment_status":"open","ping_status":"closed","sticky":false,"template":"","format":"standard","meta":[],"categories":[2],"tags":[],"_links":{"self":[{"href":"https:\/\/blogs.ideal.es\/abocajarro\/wp-json\/wp\/v2\/posts\/69"}],"collection":[{"href":"https:\/\/blogs.ideal.es\/abocajarro\/wp-json\/wp\/v2\/posts"}],"about":[{"href":"https:\/\/blogs.ideal.es\/abocajarro\/wp-json\/wp\/v2\/types\/post"}],"author":[{"embeddable":true,"href":"https:\/\/blogs.ideal.es\/abocajarro\/wp-json\/wp\/v2\/users\/6"}],"replies":[{"embeddable":true,"href":"https:\/\/blogs.ideal.es\/abocajarro\/wp-json\/wp\/v2\/comments?post=69"}],"version-history":[{"count":0,"href":"https:\/\/blogs.ideal.es\/abocajarro\/wp-json\/wp\/v2\/posts\/69\/revisions"}],"wp:attachment":[{"href":"https:\/\/blogs.ideal.es\/abocajarro\/wp-json\/wp\/v2\/media?parent=69"}],"wp:term":[{"taxonomy":"category","embeddable":true,"href":"https:\/\/blogs.ideal.es\/abocajarro\/wp-json\/wp\/v2\/categories?post=69"},{"taxonomy":"post_tag","embeddable":true,"href":"https:\/\/blogs.ideal.es\/abocajarro\/wp-json\/wp\/v2\/tags?post=69"}],"curies":[{"name":"wp","href":"https:\/\/api.w.org\/{rel}","templated":true}]}}