{"id":696,"date":"2012-12-11T10:50:57","date_gmt":"2012-12-11T09:50:57","guid":{"rendered":"http:\/\/blogs.ideal.es\/abocajarro\/?p=696"},"modified":"2017-07-25T11:40:40","modified_gmt":"2017-07-25T10:40:40","slug":"estrella","status":"publish","type":"post","link":"https:\/\/blogs.ideal.es\/abocajarro\/2012\/12\/11\/estrella\/","title":{"rendered":"Estrella"},"content":{"rendered":"<p><a href=\"https:\/\/blogs.ideal.es\/abocajarro\/2012\/12\/11\/estrella\/cdj2-f1-francis\/\" rel=\"attachment wp-att-700\"><img loading=\"lazy\" class=\"alignleft wp-image-700\" title=\"CD#J2 F1 FRANCIS\" src=\"\/abocajarro\/wp-content\/uploads\/sites\/10\/2012\/12\/Estrella.jpg\" alt=\"\" width=\"298\" height=\"193\" \/><\/a><\/p>\n<p>Estrella llam\u00f3 a IDEAL una tarde de 2004. Acababan de estrenar &#8216;Mar Adentro&#8217;, la pel\u00edcula de Amen\u00e1bar. Una historia que la angustiaba. Ella cuidaba desde hac\u00eda cuatro a\u00f1os\u00a0a Juan Pedro, su hijo, tetrapl\u00e9jico por un accidente de tr\u00e1fico. Y hab\u00eda apostado por remar, remar sin descanso, contra viento y marea, hasta el \u00faltimo aliento. Para asegurarse de que Juan Pedro estuviese bien atendido contaban con una indemnizaci\u00f3n de 300.000 euros por el accidente.<\/p>\n<div>No volv\u00ed a saber de Estrella en cinco a\u00f1os. Me llam\u00f3 otra vez en febrero de 2009. Estaban pasando apuros econ\u00f3micos. El dinero lo ten\u00edan atrapado en una mara\u00f1a de l\u00edos bancarios. Ella ten\u00eda una paga de 328 euros por la ley de Dependencia. La Seguridad Social le escatimaba hasta los pa\u00f1ales para su hijo. A los pocos meses, apareci\u00f3 otra vez por el peri\u00f3dico. Su dinero se hab\u00eda esfumado. Quer\u00edan pagar un tratamiento con c\u00e9lulas madre y se encontraron con que la cuenta estaba vac\u00eda. El banco lo hab\u00edan invertido en fondos t\u00f3xicos, afectados por la mayor estafa financiera de la historia, la de <a href=\"http:\/\/www.ideal.es\/jaen\/20090616\/jaen\/madoff-estafa-tetraplejico-jaen-20090616.html\" rel=\"external nofollow\">Bernard Madoff. As\u00ed que ya no hab\u00eda nada. Papeles y t\u00edtulos casi sin valor<\/a>. Y ellos no ten\u00edan dinero ni para la compra diaria.<\/div>\n<div>Ayer Estrella entr\u00f3 a la central en Ja\u00e9n del Banco del Santander. Se sent\u00f3 frente al mostrador. Pidi\u00f3 hablar con alg\u00fan responsable. Con alguien que le pudiese dar soluciones. Los del banco llamaron a la polic\u00eda. Cuando Estrella sac\u00f3 las tijeras la sucursal estaba ya llena de agentes. &#8220;Ten\u00e9is ya las manos manchadas con la sangre de mi hijo, ahora la tendr\u00e9is tambi\u00e9n con la m\u00eda&#8221;, dijo. Y se clav\u00f3 las tijeras.<\/div>\n<div><\/div>\n<div><em>En la foto de Francis J. Cano, Estrella Cerezuela con su hijo Juan Pedro en 2004<\/em><\/div>\n<p>Aqu\u00ed os dejo mi colaboraci\u00f3n de cada martes en Cope Ja\u00e9n con este texto, que puedes escuchar <a href=\"http:\/\/www.cope.es\/player\/id=2012121113010001&amp;activo=6\" rel=\"external nofollow\">aqu\u00ed<\/a><\/p>\n<div><\/div>\n<div><\/div>\n<p><object id=\"Player\" width=\"630\" height=\"354\" classid=\"clsid:d27cdb6e-ae6d-11cf-96b8-444553540000\" codebase=\"http:\/\/download.macromedia.com\/pub\/shockwave\/cabs\/flash\/swflash.cab#version=6,0,40,0\"><param name=\"quality\" value=\"high\" \/><param name=\"wmode\" value=\"transparent\" \/><param name=\"allowScriptAccess\" value=\"always\" \/><param name=\"allowFullScreen\" value=\"true\" \/><param name=\"flashvars\" value=\"_url_xml_datos=\/proyecto\/fragmentosJSP\/playerxml.jsp?id=2012121113010001,1,33,13,,1411&amp;_showAlwaysButtons=false&amp;_showPlaybigButton=true&amp;_showControlsType=1\" \/><param name=\"src\" value=\"http:\/\/www.cope.es\/docs\/repositorio\/es_ES\/player2\/mod_cope_player.swf\" \/><param name=\"allowfullscreen\" value=\"true\" \/><param name=\"play\" value=\"true\" \/><param name=\"loop\" value=\"loop\" \/><param name=\"allowscriptaccess\" value=\"always\" \/><param name=\"pluginspage\" value=\"http:\/\/www.adobe.com\/go\/getflashplayer\" \/><embed id=\"Player\" width=\"630\" height=\"354\" type=\"application\/x-shockwave-flash\" src=\"\/\/www.cope.es\/docs\/repositorio\/es_ES\/player2\/mod_cope_player.swf\" quality=\"high\" wmode=\"transparent\" allowscriptaccess=\"always\" allowfullscreen=\"allowfullscreen\" flashvars=\"_url_xml_datos=\/proyecto\/fragmentosJSP\/playerxml.jsp?id=2012121113010001,1,33,13,,1411&amp;_showAlwaysButtons=false&amp;_showPlaybigButton=true&amp;_showControlsType=1\" allowfullscreen=\"allowfullscreen\" play=\"true\" loop=\"loop\" allowscriptaccess=\"always\" pluginspage=\"http:\/\/www.adobe.com\/go\/getflashplayer\" \/><\/object><\/p>\n","protected":false},"excerpt":{"rendered":"<p>Estrella llam\u00f3 a IDEAL una tarde de 2004. Acababan de estrenar &#8216;Mar Adentro&#8217;, la pel\u00edcula de Amen\u00e1bar. Una historia que la angustiaba. Ella cuidaba desde hac\u00eda cuatro a\u00f1os\u00a0a Juan Pedro, su hijo, tetrapl\u00e9jico por un accidente de tr\u00e1fico. Y hab\u00eda apostado por remar, remar sin descanso, contra viento y marea, hasta el \u00faltimo aliento. Para [&hellip;]<\/p>\n","protected":false},"author":6,"featured_media":0,"comment_status":"open","ping_status":"closed","sticky":false,"template":"","format":"standard","meta":[],"categories":[2],"tags":[],"_links":{"self":[{"href":"https:\/\/blogs.ideal.es\/abocajarro\/wp-json\/wp\/v2\/posts\/696"}],"collection":[{"href":"https:\/\/blogs.ideal.es\/abocajarro\/wp-json\/wp\/v2\/posts"}],"about":[{"href":"https:\/\/blogs.ideal.es\/abocajarro\/wp-json\/wp\/v2\/types\/post"}],"author":[{"embeddable":true,"href":"https:\/\/blogs.ideal.es\/abocajarro\/wp-json\/wp\/v2\/users\/6"}],"replies":[{"embeddable":true,"href":"https:\/\/blogs.ideal.es\/abocajarro\/wp-json\/wp\/v2\/comments?post=696"}],"version-history":[{"count":1,"href":"https:\/\/blogs.ideal.es\/abocajarro\/wp-json\/wp\/v2\/posts\/696\/revisions"}],"predecessor-version":[{"id":704,"href":"https:\/\/blogs.ideal.es\/abocajarro\/wp-json\/wp\/v2\/posts\/696\/revisions\/704"}],"wp:attachment":[{"href":"https:\/\/blogs.ideal.es\/abocajarro\/wp-json\/wp\/v2\/media?parent=696"}],"wp:term":[{"taxonomy":"category","embeddable":true,"href":"https:\/\/blogs.ideal.es\/abocajarro\/wp-json\/wp\/v2\/categories?post=696"},{"taxonomy":"post_tag","embeddable":true,"href":"https:\/\/blogs.ideal.es\/abocajarro\/wp-json\/wp\/v2\/tags?post=696"}],"curies":[{"name":"wp","href":"https:\/\/api.w.org\/{rel}","templated":true}]}}