{"id":70,"date":"2010-01-27T12:18:00","date_gmt":"2010-01-27T12:18:00","guid":{"rendered":"http:\/\/blogs.ideal.es\/abocajarro\/?p=70"},"modified":"2010-01-27T12:18:00","modified_gmt":"2010-01-27T12:18:00","slug":"el-tio-julio-versus-malamadre","status":"publish","type":"post","link":"https:\/\/blogs.ideal.es\/abocajarro\/2010\/01\/27\/el-tio-julio-versus-malamadre\/","title":{"rendered":"El t\u00edo Julio versus Malamadre"},"content":{"rendered":"<p>Los peri\u00f3dicos de Vocento publicaron el domingo un reportaje de Arturo Checa, <A id=link_0 title=http:\/\/www.lavozdigital.es\/cadiz\/20100124\/sociedad\/cuando-ruge-chabolo-20100124.html href=\"http:\/\/www.lavozdigital.es\/cadiz\/20100124\/sociedad\/cuando-ruge-chabolo-20100124.html\">&#8216;Cuando ruge el Chabolo<\/A>&#8216;, sobre motines carcelarios. El tema est\u00e1 de moda por el pelicul\u00f3n &#8216;Celda 211&#8217;, con el sobrecogedor personaje Malamadre, malo malote, cabr\u00f3n irreductible pero un t\u00edo que se viste por los pies, fiel al c\u00f3digo del preso como un pirata a las leyes de la calavera, como un m\u00e9dico a su juramento hipocr\u00e1tico. Checa hace un ranking de &#8216;los otros Malamadre&#8217; y ah\u00ed se cita a Julio Romero, actualmente en la prisi\u00f3n de Ja\u00e9n, m\u00f3dulo 5, por su implicaci\u00f3n en un tiroteo en And\u00fajar la semana pasada (ver post Samuel y el t\u00edo Julio en este mismo blog). Transcribo lo que dice Checa de \u00e9l: &#8220;El rey del Puerto: Impuso su ley, la del m\u00e1s fuerte, en el Puerto I. Decapit\u00f3 en 1991 a otro preso que quiso hacerle sombra. Sin sentimentalismos, pese a que en 1987 compartieron mot\u00edn en Daroca&#8221;.<\/p>\n<p>Con estos antececentes me pongo al habla con alg\u00fan funcionario de prisiones amigo. Me confirman que oficialmente no hay ninguna media excepcional por el ingreso de un tipo as\u00ed. Pero que no le quitan ojo, atentos a que quiera volver a las andadas. De momento, ingreso muy tranquilo. Pero nadie se f\u00eda. A nadie escapa que su &#8216;ruge el chabolo&#8217; m\u00e1s vale que el t\u00edo Julio no ande por all\u00ed cerca. <\/p>\n<p>Ah\u00ed dej\u00f3 el trailer de Celda 211, por si resulta ilustrativo<\/p>\n<p> <OBJECT  height=344 width=425><PARAM NAME=\"movie\" VALUE=\"http:\/\/www.youtube.com\/v\/ZBJ6duakm8s&#038;hl=es_ES&#038;fs=1&#038;\"><PARAM NAME=\"allowFullScreen\" VALUE=\"true\"><PARAM NAME=\"allowscriptaccess\" VALUE=\"always\"> <embed   src=\"\/\/www.youtube.com\/v\/ZBJ6duakm8s&#038;hl=es_ES&#038;fs=1&#038;\" type=\"application\/x-shockwave-flash\" allowscriptaccess=\"always\" allowfullscreen=\"true\" width=\"425\" height=\"344\"><\/embed><\/OBJECT><\/p>\n","protected":false},"excerpt":{"rendered":"<p>Los peri\u00f3dicos de Vocento publicaron el domingo un reportaje de Arturo Checa, &#8216;Cuando ruge el Chabolo&#8216;, sobre motines carcelarios. El tema est\u00e1 de moda por el pelicul\u00f3n &#8216;Celda 211&#8217;, con el sobrecogedor personaje Malamadre, malo malote, cabr\u00f3n irreductible pero un t\u00edo que se viste por los pies, fiel al c\u00f3digo del preso como un pirata [&hellip;]<\/p>\n","protected":false},"author":6,"featured_media":0,"comment_status":"open","ping_status":"closed","sticky":false,"template":"","format":"standard","meta":[],"categories":[2],"tags":[],"_links":{"self":[{"href":"https:\/\/blogs.ideal.es\/abocajarro\/wp-json\/wp\/v2\/posts\/70"}],"collection":[{"href":"https:\/\/blogs.ideal.es\/abocajarro\/wp-json\/wp\/v2\/posts"}],"about":[{"href":"https:\/\/blogs.ideal.es\/abocajarro\/wp-json\/wp\/v2\/types\/post"}],"author":[{"embeddable":true,"href":"https:\/\/blogs.ideal.es\/abocajarro\/wp-json\/wp\/v2\/users\/6"}],"replies":[{"embeddable":true,"href":"https:\/\/blogs.ideal.es\/abocajarro\/wp-json\/wp\/v2\/comments?post=70"}],"version-history":[{"count":0,"href":"https:\/\/blogs.ideal.es\/abocajarro\/wp-json\/wp\/v2\/posts\/70\/revisions"}],"wp:attachment":[{"href":"https:\/\/blogs.ideal.es\/abocajarro\/wp-json\/wp\/v2\/media?parent=70"}],"wp:term":[{"taxonomy":"category","embeddable":true,"href":"https:\/\/blogs.ideal.es\/abocajarro\/wp-json\/wp\/v2\/categories?post=70"},{"taxonomy":"post_tag","embeddable":true,"href":"https:\/\/blogs.ideal.es\/abocajarro\/wp-json\/wp\/v2\/tags?post=70"}],"curies":[{"name":"wp","href":"https:\/\/api.w.org\/{rel}","templated":true}]}}