{"id":71,"date":"2010-01-28T12:04:00","date_gmt":"2010-01-28T12:04:00","guid":{"rendered":"http:\/\/blogs.ideal.es\/abocajarro\/?p=71"},"modified":"2010-01-28T12:04:00","modified_gmt":"2010-01-28T12:04:00","slug":"el-estomago-del-sobrino-samuel","status":"publish","type":"post","link":"https:\/\/blogs.ideal.es\/abocajarro\/2010\/01\/28\/el-estomago-del-sobrino-samuel\/","title":{"rendered":"El est\u00f3mago del sobrino Samuel"},"content":{"rendered":"<p>Samuel compareci\u00f3 el mi\u00e9rcoles en el juzgado por un juicio de faltas: cuando lo detuvieron por su implicaci\u00f3n en el tiroteo de And\u00fajar se rompi\u00f3 la escayola que llevaba en un brazo y amenaz\u00f3 a los polic\u00edas con denunciarlos por haberle hecho da\u00f1o. El interrogatorio deriv\u00f3 hacia la mala salud de Samuel pese a sus 25 a\u00f1os, y a los dolores que sufre. \u00c9l explic\u00f3 que padece del est\u00f3mago, y que lo tuvieron que operar. Pero por m\u00e1s que miraban en su historial m\u00e9dico no aparec\u00eda ni una palabra sobre operaciones de est\u00f3mago. Para sorpresa de todos, Samuel explic\u00f3 a su se\u00f1or\u00eda que es que para operarse hab\u00eda dado un nombre falso, y el SAS lo hab\u00eda metido en quir\u00f3fano con la identidad de otra persona. &#8220;No siga usted por ah\u00ed a ver si vamos a tener que acusarle de algo m\u00e1s grave&#8221;, le ataj\u00f3 el magistrado.<\/p>\n<p>Samuel tiene una agenda muy apretada en prisi\u00f3n: ayer juicio, hoy visita al juez de And\u00fajar para que le prorroguen la prisi\u00f3n preventiva o lo pongan en la calle. El viaje lo ha hecho con su t\u00edo Julio. El que corta cabezas. Me confirman desde la direcci\u00f3n de la prisi\u00f3nque est\u00e1 ingresado como un preso m\u00e1s, aunque -l\u00f3gicamente- no le quitan ojo de encima. No les vaya a doler el est\u00f3mago a todos.<\/p>\n","protected":false},"excerpt":{"rendered":"<p>Samuel compareci\u00f3 el mi\u00e9rcoles en el juzgado por un juicio de faltas: cuando lo detuvieron por su implicaci\u00f3n en el tiroteo de And\u00fajar se rompi\u00f3 la escayola que llevaba en un brazo y amenaz\u00f3 a los polic\u00edas con denunciarlos por haberle hecho da\u00f1o. El interrogatorio deriv\u00f3 hacia la mala salud de Samuel pese a sus [&hellip;]<\/p>\n","protected":false},"author":6,"featured_media":0,"comment_status":"open","ping_status":"closed","sticky":false,"template":"","format":"standard","meta":[],"categories":[2],"tags":[],"_links":{"self":[{"href":"https:\/\/blogs.ideal.es\/abocajarro\/wp-json\/wp\/v2\/posts\/71"}],"collection":[{"href":"https:\/\/blogs.ideal.es\/abocajarro\/wp-json\/wp\/v2\/posts"}],"about":[{"href":"https:\/\/blogs.ideal.es\/abocajarro\/wp-json\/wp\/v2\/types\/post"}],"author":[{"embeddable":true,"href":"https:\/\/blogs.ideal.es\/abocajarro\/wp-json\/wp\/v2\/users\/6"}],"replies":[{"embeddable":true,"href":"https:\/\/blogs.ideal.es\/abocajarro\/wp-json\/wp\/v2\/comments?post=71"}],"version-history":[{"count":0,"href":"https:\/\/blogs.ideal.es\/abocajarro\/wp-json\/wp\/v2\/posts\/71\/revisions"}],"wp:attachment":[{"href":"https:\/\/blogs.ideal.es\/abocajarro\/wp-json\/wp\/v2\/media?parent=71"}],"wp:term":[{"taxonomy":"category","embeddable":true,"href":"https:\/\/blogs.ideal.es\/abocajarro\/wp-json\/wp\/v2\/categories?post=71"},{"taxonomy":"post_tag","embeddable":true,"href":"https:\/\/blogs.ideal.es\/abocajarro\/wp-json\/wp\/v2\/tags?post=71"}],"curies":[{"name":"wp","href":"https:\/\/api.w.org\/{rel}","templated":true}]}}