{"id":74,"date":"2010-02-01T13:31:00","date_gmt":"2010-02-01T13:31:00","guid":{"rendered":"http:\/\/blogs.ideal.es\/abocajarro\/?p=74"},"modified":"2010-02-01T13:31:00","modified_gmt":"2010-02-01T13:31:00","slug":"nadie-llora-ante-nicho-61","status":"publish","type":"post","link":"https:\/\/blogs.ideal.es\/abocajarro\/2010\/02\/01\/nadie-llora-ante-nicho-61\/","title":{"rendered":"Nadie llora ante el nicho 61"},"content":{"rendered":"<p><IMG id=img_0 src=\"\/\/farm5.static.flickr.com\/4025\/4321505677_fb8373ec90_m.jpg\"><\/p>\n<p>Sacaron el cad\u00e1ver del congelador del Instituto de Medicina Legal el 30 de julio de 2008, cinco meses despu\u00e9s de encontar en cuerpo semidesnudo, tirado en un olivar del Puente del Obispo. Hac\u00eda mucho calor. Ese d\u00eda la provincia estaba en alerta naranja por las altas temperaturas. Los enterradoresy un funcionario del juzgado fueron los \u00fanicos testigos en el patio cinco del cementerio baezano, sudando la gota gorda. Eligieron el nicho: fila 4, nicho 61. Cuando cerraron la tumba, sobre el cemento a\u00fan fresco, dibujaron una cruz y escribieron &#8216;Expediente 379\/2008&#8217;, y la fecha. Es todo lo que se sabe de la mujer de la fotograf\u00eda de arriba. La joven del olivar. La tumba sin nombre. Hay restos de ADN guardados por si alguien reclama el cuerpo poder cotejarlos y confirmar la identidad. Y una historia alucinante que la Justicia ha dado por buena para explicar c\u00f3mo muri\u00f3 y por qu\u00e9 no fue un crimen, tal y como se pens\u00f3 en principio: <A id=link_0 title=http:\/\/www.ideal.es\/jaen\/20100131\/jaen\/murio-asfixia-comer-tierra-20100131.html href=\"http:\/\/www.ideal.es\/jaen\/20100131\/jaen\/murio-asfixia-comer-tierra-20100131.html\">se asfixi\u00f3 al comer tierra por padeder una enfermedad, el S\u00edndrome Pica<\/A>. Ya se sabe c\u00f3mo muri\u00f3. Pero qui\u00e9n es la joven del nicho 61 sigue siendo un misterio. A\u00fan nadie llora ante el nicho 61.<\/p>\n","protected":false},"excerpt":{"rendered":"<p>Sacaron el cad\u00e1ver del congelador del Instituto de Medicina Legal el 30 de julio de 2008, cinco meses despu\u00e9s de encontar en cuerpo semidesnudo, tirado en un olivar del Puente del Obispo. Hac\u00eda mucho calor. Ese d\u00eda la provincia estaba en alerta naranja por las altas temperaturas. Los enterradoresy un funcionario del juzgado fueron los [&hellip;]<\/p>\n","protected":false},"author":6,"featured_media":0,"comment_status":"open","ping_status":"closed","sticky":false,"template":"","format":"standard","meta":[],"categories":[2],"tags":[20,53],"_links":{"self":[{"href":"https:\/\/blogs.ideal.es\/abocajarro\/wp-json\/wp\/v2\/posts\/74"}],"collection":[{"href":"https:\/\/blogs.ideal.es\/abocajarro\/wp-json\/wp\/v2\/posts"}],"about":[{"href":"https:\/\/blogs.ideal.es\/abocajarro\/wp-json\/wp\/v2\/types\/post"}],"author":[{"embeddable":true,"href":"https:\/\/blogs.ideal.es\/abocajarro\/wp-json\/wp\/v2\/users\/6"}],"replies":[{"embeddable":true,"href":"https:\/\/blogs.ideal.es\/abocajarro\/wp-json\/wp\/v2\/comments?post=74"}],"version-history":[{"count":0,"href":"https:\/\/blogs.ideal.es\/abocajarro\/wp-json\/wp\/v2\/posts\/74\/revisions"}],"wp:attachment":[{"href":"https:\/\/blogs.ideal.es\/abocajarro\/wp-json\/wp\/v2\/media?parent=74"}],"wp:term":[{"taxonomy":"category","embeddable":true,"href":"https:\/\/blogs.ideal.es\/abocajarro\/wp-json\/wp\/v2\/categories?post=74"},{"taxonomy":"post_tag","embeddable":true,"href":"https:\/\/blogs.ideal.es\/abocajarro\/wp-json\/wp\/v2\/tags?post=74"}],"curies":[{"name":"wp","href":"https:\/\/api.w.org\/{rel}","templated":true}]}}