{"id":76,"date":"2010-02-05T11:44:00","date_gmt":"2010-02-05T11:44:00","guid":{"rendered":"http:\/\/blogs.ideal.es\/abocajarro\/?p=76"},"modified":"2010-02-05T11:44:00","modified_gmt":"2010-02-05T11:44:00","slug":"el-amante-del-estado","status":"publish","type":"post","link":"https:\/\/blogs.ideal.es\/abocajarro\/2010\/02\/05\/el-amante-del-estado\/","title":{"rendered":"El amante del Estado"},"content":{"rendered":"<p>Se marcha un gigante de la abogac\u00eda del Estado. Francisco V\u00e1zquez Garrido apura sus \u00faltimos d\u00edas en el trabajo, despu\u00e9s de 40 a\u00f1os, ocho meses y algunos d\u00edas de servicio, casi todos en Ja\u00e9n a donde lleg\u00f3 desde su Toledo natal. Gigante por su talla f\u00edsica, por su voz recia que denota un car\u00e1cter apasionado y por su entrega al trabajo: &#8220;Durante 35 a\u00f1os he defendido a la Administraci\u00f3n como si fuera mi amante&#8221;, le contaba a la compa\u00f1era Paqui Cros en una entrevista en 2004.<\/p>\n<p>La otra cara de la moneda es la que llega. Mar\u00eda Fern\u00e1ndez Gonzalo, de 28 a\u00f1os. Ayer gan\u00f3 su primera sentencia, en un caso de extranjer\u00eda, y andaba la mujer con esa sonrisa que s\u00f3lo es posible con la ilusi\u00f3n de los inicios. Don Francisco, cuarenta a\u00f1os por delante de ella, le aconsejaba: &#8220;M\u00e1ndesela a sus padres, que seguro que les hace ilusi\u00f3n&#8221;. <\/p>\n","protected":false},"excerpt":{"rendered":"<p>Se marcha un gigante de la abogac\u00eda del Estado. Francisco V\u00e1zquez Garrido apura sus \u00faltimos d\u00edas en el trabajo, despu\u00e9s de 40 a\u00f1os, ocho meses y algunos d\u00edas de servicio, casi todos en Ja\u00e9n a donde lleg\u00f3 desde su Toledo natal. Gigante por su talla f\u00edsica, por su voz recia que denota un car\u00e1cter apasionado [&hellip;]<\/p>\n","protected":false},"author":6,"featured_media":0,"comment_status":"open","ping_status":"closed","sticky":false,"template":"","format":"standard","meta":[],"categories":[2],"tags":[],"_links":{"self":[{"href":"https:\/\/blogs.ideal.es\/abocajarro\/wp-json\/wp\/v2\/posts\/76"}],"collection":[{"href":"https:\/\/blogs.ideal.es\/abocajarro\/wp-json\/wp\/v2\/posts"}],"about":[{"href":"https:\/\/blogs.ideal.es\/abocajarro\/wp-json\/wp\/v2\/types\/post"}],"author":[{"embeddable":true,"href":"https:\/\/blogs.ideal.es\/abocajarro\/wp-json\/wp\/v2\/users\/6"}],"replies":[{"embeddable":true,"href":"https:\/\/blogs.ideal.es\/abocajarro\/wp-json\/wp\/v2\/comments?post=76"}],"version-history":[{"count":0,"href":"https:\/\/blogs.ideal.es\/abocajarro\/wp-json\/wp\/v2\/posts\/76\/revisions"}],"wp:attachment":[{"href":"https:\/\/blogs.ideal.es\/abocajarro\/wp-json\/wp\/v2\/media?parent=76"}],"wp:term":[{"taxonomy":"category","embeddable":true,"href":"https:\/\/blogs.ideal.es\/abocajarro\/wp-json\/wp\/v2\/categories?post=76"},{"taxonomy":"post_tag","embeddable":true,"href":"https:\/\/blogs.ideal.es\/abocajarro\/wp-json\/wp\/v2\/tags?post=76"}],"curies":[{"name":"wp","href":"https:\/\/api.w.org\/{rel}","templated":true}]}}