{"id":80,"date":"2010-02-09T10:29:00","date_gmt":"2010-02-09T10:29:00","guid":{"rendered":"http:\/\/blogs.ideal.es\/abocajarro\/?p=80"},"modified":"2010-02-09T10:29:00","modified_gmt":"2010-02-09T10:29:00","slug":"una-indios-y-vaqueros","status":"publish","type":"post","link":"https:\/\/blogs.ideal.es\/abocajarro\/2010\/02\/09\/una-indios-y-vaqueros\/","title":{"rendered":"Una de indios y vaqueros"},"content":{"rendered":"<p>Despu\u00e9s de sus batallas con la tribu con los mallarines chiricaguas, los esforzados guerreros de los pikikis encontraron en \u00dabeda buenos prados donde pasta el bisonte y el terreno propicio para su ancestral estilo de vida. \u00bfQuieren verlo? Echen un vistazo: <\/p>\n<p> <OBJECT  height=344 width=425><PARAM NAME=\"movie\" VALUE=\"http:\/\/www.youtube.com\/v\/SOiVWERIHMQ&#038;hl=es_ES&#038;fs=1&#038;\"><PARAM NAME=\"allowFullScreen\" VALUE=\"true\"><PARAM NAME=\"allowscriptaccess\" VALUE=\"always\">      <embed             src=\"\/\/www.youtube.com\/v\/SOiVWERIHMQ&#038;hl=es_ES&#038;fs=1&#038;\" type=\"application\/x-shockwave-flash\" allowscriptaccess=\"always\" allowfullscreen=\"true\" width=\"425\" height=\"344\"><\/embed><\/OBJECT><\/p>\n<p>Y as\u00ed un d\u00eda tras otro, hasta que a las honradas gentes de Fort \u00dabeda se les inflaron los cojones, y llamaron a Custer-Calahorro. El viejo general se reuni\u00f3 con polic\u00edas, civiles, alcalde y dem\u00e1s fuerzas vivas. <A id=link_1 title=http:\/\/www.ideal.es\/jaen\/v\/20100209\/ubeda-baeza\/contundencia-presencia-policial-ubeda-20100209.html href=\"http:\/\/www.ideal.es\/jaen\/v\/20100209\/ubeda-baeza\/contundencia-presencia-policial-ubeda-20100209.html\">Y decidieron plantar batalla<\/A>. &#8220;Sabemos quienes son, los tenemos vigilados y los vamos a poner donde tienen que estar&#8221;, asegura Calahorro. Quer\u00eda infundir optimismo. As\u00ed que manda a la caballer\u00eda, a los antidisturbios, a por los pikikis. Le hubiese quedado mejor salir con las fuerzas vivas de Fort \u00dabeda, echarle el brazo por encima al alcalde y entonar:<\/p>\n<p> <OBJECT style=\"BORDER-RIGHT: 0px; BORDER-TOP: 0px; BACKGROUND: none transparent scroll repeat 0% 0%; MARGIN: 0px; BORDER-LEFT: 0px; BORDER-BOTTOM: 0px\" height=344 width=425><PARAM NAME=\"movie\" VALUE=\"http:\/\/www.youtube.com\/v\/X_-lbBQmsZ4&#038;hl=es_ES&#038;fs=1&#038;\"><PARAM NAME=\"allowFullScreen\" VALUE=\"true\"><PARAM NAME=\"allowscriptaccess\" VALUE=\"always\">     <embed           src=\"\/\/www.youtube.com\/v\/X_-lbBQmsZ4&#038;hl=es_ES&#038;fs=1&#038;\" type=\"application\/x-shockwave-flash\" allowscriptaccess=\"always\" allowfullscreen=\"true\" width=\"425\" height=\"344\"><\/embed><\/OBJECT><\/p>\n","protected":false},"excerpt":{"rendered":"<p>Despu\u00e9s de sus batallas con la tribu con los mallarines chiricaguas, los esforzados guerreros de los pikikis encontraron en \u00dabeda buenos prados donde pasta el bisonte y el terreno propicio para su ancestral estilo de vida. \u00bfQuieren verlo? Echen un vistazo: Y as\u00ed un d\u00eda tras otro, hasta que a las honradas gentes de Fort [&hellip;]<\/p>\n","protected":false},"author":6,"featured_media":0,"comment_status":"open","ping_status":"closed","sticky":false,"template":"","format":"standard","meta":[],"categories":[2],"tags":[129,171],"_links":{"self":[{"href":"https:\/\/blogs.ideal.es\/abocajarro\/wp-json\/wp\/v2\/posts\/80"}],"collection":[{"href":"https:\/\/blogs.ideal.es\/abocajarro\/wp-json\/wp\/v2\/posts"}],"about":[{"href":"https:\/\/blogs.ideal.es\/abocajarro\/wp-json\/wp\/v2\/types\/post"}],"author":[{"embeddable":true,"href":"https:\/\/blogs.ideal.es\/abocajarro\/wp-json\/wp\/v2\/users\/6"}],"replies":[{"embeddable":true,"href":"https:\/\/blogs.ideal.es\/abocajarro\/wp-json\/wp\/v2\/comments?post=80"}],"version-history":[{"count":0,"href":"https:\/\/blogs.ideal.es\/abocajarro\/wp-json\/wp\/v2\/posts\/80\/revisions"}],"wp:attachment":[{"href":"https:\/\/blogs.ideal.es\/abocajarro\/wp-json\/wp\/v2\/media?parent=80"}],"wp:term":[{"taxonomy":"category","embeddable":true,"href":"https:\/\/blogs.ideal.es\/abocajarro\/wp-json\/wp\/v2\/categories?post=80"},{"taxonomy":"post_tag","embeddable":true,"href":"https:\/\/blogs.ideal.es\/abocajarro\/wp-json\/wp\/v2\/tags?post=80"}],"curies":[{"name":"wp","href":"https:\/\/api.w.org\/{rel}","templated":true}]}}