{"id":81,"date":"2010-02-11T11:22:00","date_gmt":"2010-02-11T11:22:00","guid":{"rendered":"http:\/\/blogs.ideal.es\/abocajarro\/?p=81"},"modified":"2010-02-11T11:22:00","modified_gmt":"2010-02-11T11:22:00","slug":"buenos-barrotes","status":"publish","type":"post","link":"https:\/\/blogs.ideal.es\/abocajarro\/2010\/02\/11\/buenos-barrotes\/","title":{"rendered":"Buenos barrotes"},"content":{"rendered":"<p>En la c\u00e1rcel de Ja\u00e9n los barrotes no son huecos, como en la de Sevilla, donde se fug\u00f3 <A id=link_0 title=http:\/\/www.publico.es\/espana\/291986\/rafi\/acusado\/asesinato\/fuga\/penal\/sevilla href=\"http:\/\/www.publico.es\/espana\/291986\/rafi\/acusado\/asesinato\/fuga\/penal\/sevilla\">el Rafi<\/A>. Son de los buenos. Macizos. No me lo han podido confirmar, pero creen que <A id=link_0 title=http:\/\/www.abcdesevilla.es\/20100209\/nacional-sevilla-actualidad\/gobierno-daba-importancia-fragilidad-201002090116.html href=\"http:\/\/www.abcdesevilla.es\/20100209\/nacional-sevilla-actualidad\/gobierno-daba-importancia-fragilidad-201002090116.html\">no los contrataron con el cu\u00f1ado del que fuera presidente del Gobierno, Felipe Gonz\u00e1lez <\/A>(inquilino de la Moncloa en el momento que inauguraron los presidios de Ja\u00e9n y de Sevilla). Los funcionarios hacen cada pocos d\u00edas lo que se conoce como &#8216;registro de barrotes&#8217;: les dan con un hierro y comprueban que suenan como tienen que sonar. En viente a\u00f1os ya de funcionamiento de la prisi\u00f3n no ha habido problema con los barrotes.<\/p>\n<p>Tambi\u00e9n est\u00e1n ya bien amortizadas las c\u00e1maras de televisi\u00f3n del circuito interior: eran de la c\u00e1rcel vieja, la del Paseo de la Estaci\u00f3n. Me lo cont\u00f3 un civil veterano, de los que hoy guardan la puerta de los juzgados. Pusieron esas c\u00e1maras en la vieja c\u00e1rcel a un a\u00f1o de abandonarla. La gente se echaba las manos a la cabeza, por lo que cre\u00edan un despilfarro. El \u00faltimo grito ochentero en tecnolog\u00eda. Veinte a\u00f1os despu\u00e9s siguen en servicio, en el presidio de Las Infantas. Los sindicatos de la prisi\u00f3n aseguran que se ve m\u00e1s bien poco por esas c\u00e1maras, y que no vendr\u00eda mal sustituirlas antes de que alguien abuse de sus carencias para fugarse. Las del per\u00edmetro exterior, m\u00e1s nuevas, s\u00ed captan el aleteo del un colibr\u00ed.<\/p>\n<p>Los sistemas de seguridad deben funcionar en Ja\u00e9n. Que se recuerde hay constancia de dos fugas. En 1999 se escap\u00f3 Enrique Cornejo, implicado en la muerte del ni\u00f1o Antonio Carrillo. Burl\u00f3 al funcionario que lo custodiaba y salt\u00f3 un muro de ocho metros de altura, aunque lo cogieron poco despu\u00e9s. En 2008 se escap\u00f3 otro interno, Miguel A.I., con una historia tambi\u00e9n curiosa: quer\u00eda ir a ver a su madre enferma y se mezcl\u00f3 con los familiares que hab\u00edan ido de visita a la c\u00e1rcel. Cruz\u00f3 por la puerta tan tranquilo, sin que nadie se diese cuenta de que era un preso, visit\u00f3 su madre y horas despu\u00e9s regres\u00f3 a la prisi\u00f3n. A la vida tras lo barrotes macizos.<\/p>\n","protected":false},"excerpt":{"rendered":"<p>En la c\u00e1rcel de Ja\u00e9n los barrotes no son huecos, como en la de Sevilla, donde se fug\u00f3 el Rafi. Son de los buenos. Macizos. No me lo han podido confirmar, pero creen que no los contrataron con el cu\u00f1ado del que fuera presidente del Gobierno, Felipe Gonz\u00e1lez (inquilino de la Moncloa en el momento [&hellip;]<\/p>\n","protected":false},"author":6,"featured_media":0,"comment_status":"open","ping_status":"closed","sticky":false,"template":"","format":"standard","meta":[],"categories":[2],"tags":[29,69],"_links":{"self":[{"href":"https:\/\/blogs.ideal.es\/abocajarro\/wp-json\/wp\/v2\/posts\/81"}],"collection":[{"href":"https:\/\/blogs.ideal.es\/abocajarro\/wp-json\/wp\/v2\/posts"}],"about":[{"href":"https:\/\/blogs.ideal.es\/abocajarro\/wp-json\/wp\/v2\/types\/post"}],"author":[{"embeddable":true,"href":"https:\/\/blogs.ideal.es\/abocajarro\/wp-json\/wp\/v2\/users\/6"}],"replies":[{"embeddable":true,"href":"https:\/\/blogs.ideal.es\/abocajarro\/wp-json\/wp\/v2\/comments?post=81"}],"version-history":[{"count":0,"href":"https:\/\/blogs.ideal.es\/abocajarro\/wp-json\/wp\/v2\/posts\/81\/revisions"}],"wp:attachment":[{"href":"https:\/\/blogs.ideal.es\/abocajarro\/wp-json\/wp\/v2\/media?parent=81"}],"wp:term":[{"taxonomy":"category","embeddable":true,"href":"https:\/\/blogs.ideal.es\/abocajarro\/wp-json\/wp\/v2\/categories?post=81"},{"taxonomy":"post_tag","embeddable":true,"href":"https:\/\/blogs.ideal.es\/abocajarro\/wp-json\/wp\/v2\/tags?post=81"}],"curies":[{"name":"wp","href":"https:\/\/api.w.org\/{rel}","templated":true}]}}