{"id":82,"date":"2010-02-11T17:54:00","date_gmt":"2010-02-11T17:54:00","guid":{"rendered":"http:\/\/blogs.ideal.es\/abocajarro\/?p=82"},"modified":"2010-02-11T17:54:00","modified_gmt":"2010-02-11T17:54:00","slug":"el-psoe-cada-viernes","status":"publish","type":"post","link":"https:\/\/blogs.ideal.es\/abocajarro\/2010\/02\/11\/el-psoe-cada-viernes\/","title":{"rendered":"El PSOE de cada viernes"},"content":{"rendered":"<p>El PSOE acapara la agenda informativa del viernes. Debe venir en su libro de estilo, o les debe gustar mucho verse en los papeles del fin de semana. Y para \u00e9so hay que currar los viernes.<\/p>\n<p>El viernes siguiente a su <A id=link_0 title=http:\/\/www.ideal.es\/jaen\/v\/20100206\/jaen\/zarrias-pero-deja-movil-20100206.html href=\"http:\/\/www.ideal.es\/jaen\/v\/20100206\/jaen\/zarrias-pero-deja-movil-20100206.html\">dimisi\u00f3n<\/A> (con qu\u00e9 cuidado el R\u00e9gimen evita esa palabra), Gaspar Zarr\u00edas vuelve a su di\u00f3cesis jaenera a impartir doctrina. Una se\u00f1al para los despistados o aspirantes a conspiradores de primavera: con dinero o sin dinero, hago siempre lo que quiero, y mi palabra es la ley, viene a decir Zarr\u00edas a sus parroquianos. Qu\u00e9 buenos viernes ha dado Zarr\u00edas a esta provincia. Qu\u00e9 paseos de punta a punta de Ja\u00e9n, qu\u00e9 maratones de inauguraciones, qu\u00e9 de cintas cortadas y de penaltis lanzados a alcaldes en cada polideportivo construido. A la vejez se ha moderado, y \u00e9ste viernes s\u00f3lo toca paseo triunfal en Mancha Real. A demostrar quien manda en el Plan E y sus dineros.<\/p>\n<p>El viernes por la ma\u00f1ana, el vicesecretario general de los socialistas y secretario general &#8216;in pectore&#8217;, Francisco Reyes, echa su serm\u00f3n sobre la celebraci\u00f3n del congreso provincial al que se presentar\u00e1 como candidato. C\u00f3mo \u00fanico candidato. Por mucho que se quieran guardar las formas de que todo se decidir\u00e1 en \u00e9ste congreso del 6 de marzo, <A id=link_0 title=http:\/\/www.ideal.es\/jaen\/20080130\/jaen\/zarrias-designa-reyes-sucesor-20080130.html href=\"http:\/\/www.ideal.es\/jaen\/20080130\/jaen\/zarrias-designa-reyes-sucesor-20080130.html\">Paco Reyes es un hombre se\u00f1alado por un dedo<\/A>. Por el dedo de Zarr\u00edas. En 2008, en un acto p\u00fablico, lo nombr\u00f3 oficialmente su sucesor. Su heredero. Se guardar\u00e1n las formas, pero el 6 de marzo confirmar\u00e1 &#8216;el dedazo&#8217;.<\/p>\n<p>El viernes se cierra con el homenaje a Jos\u00e9 Bono en And\u00fajar. Le van a dar un premio &#8216;a una vida por el socialismo&#8217;. Galard\u00f3n que se concede a Bono en una provincia que le apoy\u00f3 cuando todos los daban por l\u00edder del PSOE contra Aznar. Zapatero lo dej\u00f3 con la miel en los labios. Zarr\u00edas era entonces &#8216;bonista&#8217; convencido, aunque luego se hizo &#8216;zapaterista&#8217; de la mano de las circunstancias y de Maria Teresa Fern\u00e1ndez de la Vega, y ahora tiene vara de mando en el gobierno de Zapatero. Y tambi\u00e9n en el PSOE de Zapatero, donde ocupa en <A id=link_1 title=http:\/\/www.psoe.es\/ambito\/saladeprensa\/news\/index.do?id=433474&#038;action=View href=\"http:\/\/www.psoe.es\/ambito\/saladeprensa\/news\/index.do?id=433474&#038;action=View\">n\u00famero 4 del escal\u00e1f\u00f3n <\/A>desde que lo eligieron el s\u00e1bado anterior al viernes en que present\u00f3 su dimisi\u00f3n en Ja\u00e9n. No fue \u00e9se un viernes cualquiera. Del PSOE de Zarr\u00edas al PSOE de Reyes. \u00bfTanto monta que monta tanto? Quien sabe. Las vueltas que da la vida los viernes.<\/p>\n","protected":false},"excerpt":{"rendered":"<p>El PSOE acapara la agenda informativa del viernes. Debe venir en su libro de estilo, o les debe gustar mucho verse en los papeles del fin de semana. Y para \u00e9so hay que currar los viernes. El viernes siguiente a su dimisi\u00f3n (con qu\u00e9 cuidado el R\u00e9gimen evita esa palabra), Gaspar Zarr\u00edas vuelve a su [&hellip;]<\/p>\n","protected":false},"author":6,"featured_media":0,"comment_status":"open","ping_status":"closed","sticky":false,"template":"","format":"standard","meta":[],"categories":[2],"tags":[137,144,178],"_links":{"self":[{"href":"https:\/\/blogs.ideal.es\/abocajarro\/wp-json\/wp\/v2\/posts\/82"}],"collection":[{"href":"https:\/\/blogs.ideal.es\/abocajarro\/wp-json\/wp\/v2\/posts"}],"about":[{"href":"https:\/\/blogs.ideal.es\/abocajarro\/wp-json\/wp\/v2\/types\/post"}],"author":[{"embeddable":true,"href":"https:\/\/blogs.ideal.es\/abocajarro\/wp-json\/wp\/v2\/users\/6"}],"replies":[{"embeddable":true,"href":"https:\/\/blogs.ideal.es\/abocajarro\/wp-json\/wp\/v2\/comments?post=82"}],"version-history":[{"count":0,"href":"https:\/\/blogs.ideal.es\/abocajarro\/wp-json\/wp\/v2\/posts\/82\/revisions"}],"wp:attachment":[{"href":"https:\/\/blogs.ideal.es\/abocajarro\/wp-json\/wp\/v2\/media?parent=82"}],"wp:term":[{"taxonomy":"category","embeddable":true,"href":"https:\/\/blogs.ideal.es\/abocajarro\/wp-json\/wp\/v2\/categories?post=82"},{"taxonomy":"post_tag","embeddable":true,"href":"https:\/\/blogs.ideal.es\/abocajarro\/wp-json\/wp\/v2\/tags?post=82"}],"curies":[{"name":"wp","href":"https:\/\/api.w.org\/{rel}","templated":true}]}}