{"id":83,"date":"2010-02-17T12:36:00","date_gmt":"2010-02-17T12:36:00","guid":{"rendered":"http:\/\/blogs.ideal.es\/abocajarro\/?p=83"},"modified":"2010-02-17T12:36:00","modified_gmt":"2010-02-17T12:36:00","slug":"el-cerrro-ciudad-dios","status":"publish","type":"post","link":"https:\/\/blogs.ideal.es\/abocajarro\/2010\/02\/17\/el-cerrro-ciudad-dios\/","title":{"rendered":"El Cerro, &#039;Ciudad de Dios&#039;"},"content":{"rendered":"<p>La presi\u00f3n policial y los focos que llevaron los tiroteos al Camino del Madro\u00f1al de Linares han desplazado el supermercado de la droga de la comarca norte de la provincia hacia el territorio de Los Mallarines. A las casas del Cerro. Las viviendas sociales de la barriada se construyeron en 2003. Antes estaba all\u00ed el mayor poblado chabolista de la provincia. <\/p>\n<p>Un hur\u00e1c\u00e1n en 1999 dej\u00f3 a casi todas las casuchas sin tejado. Las elecciones estaban cerca. Luis Guillermo Cort\u00e9s, por aquel entonces candidato a la alcald\u00eda del del PSA y hoy directivo de la FACCA, intent\u00f3 echarle encima a los damnificados al alcalde Juan Lillo. Finalmente hubo paz. Y promesas de nuevas casas.<\/p>\n<p><IMG id=img_0 src=\"\/\/farm3.static.flickr.com\/2726\/4364479763_0b625ed7de.jpg\"><\/p>\n<p>(Foto de Enrique tomada en el Cerro antes de las nuevas viviendas)<\/p>\n<p>Cuando el alcalde Juan Fern\u00e1ndez gan\u00f3 las elecciones de 1999 estren\u00f3 su mandato con una visita al Cerro. La promesa de las nuevas casas ya era una realidad. &#8216;Juanfern\u00e1ndez, dameunacasa&#8217;, lo aclamaban los vecinos. Me acuerdo de que el Fern\u00e1ndez (que conoc\u00eda bien el terreno de su \u00e9poca de concejal de Asuntos Sociales) se abraz\u00f3 a un tipo con una inmensa tripa sobre la que llevaba tatuado: &#8220;Dep\u00f3sito de V\u00edveres&#8221;. <\/p>\n<p>Las casas no se entregaron hasta marzo de 2003, cuatro a\u00f1os despu\u00e9s. Durante esos a\u00f1os los habitantes del Cerro se acostumbraron a la presencia de periodistas en el barrio. Yo iba con Enrique, decano de los fot\u00f3grados de prensa de la provincia. Se peleaban para que entr\u00e1semos en sus casas, para que tom\u00e1semos fotos, para que le cont\u00e1semos al mundo sus penas, para que retrat\u00e1semos a sus churumbeles corriendo desnudos por las calles de tierra. &#8220;Ay, se\u00f1orperiodista, dameunacasa&#8221;, nos dec\u00edan<\/p>\n<p>Los agraciados con una de las nuevas viviendas ten\u00edan que pagar un alquiler de 42 euros. Fueron 31 familias alojadas en las casas y 12 m\u00e1s en estructuras prefabricadas. En esos a\u00f1os los mallarines cardaban la lana, pero la fama se la llevaba <A id=link_0 title=http:\/\/www.ideal.es\/jaen\/20080318\/jaen\/escuela-chavo-20080318.html href=\"http:\/\/www.ideal.es\/jaen\/20080318\/jaen\/escuela-chavo-20080318.html\">Jes\u00fas J.B., El Chavo<\/A>, maestro de delincuentes de la barriada y actualmente en prisi\u00f3n. <\/p>\n<p><IMG id=img_0 src=\"\/\/farm3.static.flickr.com\/2793\/4365230640_cc5ffbe4e3.jpg\"><br \/>\n(Foto tomada por Enrique en una redada en el Cerro)<\/p>\n<p>En esos a\u00f1os se cogi\u00f3 la costumbre de apredrear a la Polic\u00eda cada vez que asomaba por all\u00ed. Para arrestar al Chavo en verano de 2006 hubo que movilizar casi a la Legi\u00f3n. Y luego hubo otras redadas que le costaron m\u00e1s de una pedrada a un polic\u00eda. En una de esas encausaron a Antonio M.M.. Nono el Mallar\u00edn, ahora en prisi\u00f3n preventiva acusado del asesinato de un portero de la feria de Linares en 2008, por tenencia il\u00edcita de armas en la v\u00edspera del gran tiroteo entre Pikikis y Mallarines. Las pedradas a la Polic\u00eda junto a otros dos colegas le costaron un a\u00f1o de c\u00e1rcel. La prensa ya no era bienvenida entonces en el Cerro.<\/p>\n<p>Cuando en 2006 y 2007 las redadas del Camino del Madro\u00f1al desmontan la estructura del clan de Rosa, el tr\u00e1fico de drogas se desplaza hacia el Cerro. Hacia el territorio de los Mallarines. Con la redada de la semana pasada, la Polic\u00eda ha puesto al descubierto la estructura para la venta de drogas: al menos controlaban cuatro de las viviendas. Dos para para la venta, dos para que los drogadictos pudieran perseguir su gota de &#8216;rebujito&#8217; tranquilamente. As\u00ed la Polic\u00eda no cog\u00eda nada en los apostaderos. Casas construidas por la Junta para familias necesitadas convertidas en fumaderos. Zulos y t\u00faneles excavadas bajo las casas para esconderse de la Polic\u00eda. A escala, una &#8216;Cuidad de Dios&#8217;, un mundo s\u00f3rdido, en el l\u00edmite lo que entendemos como civilizaci\u00f3n. Justo en un extremo de la ciudad. Donde no molesta.<\/p>\n<p>Claro que no son comparables, pero es lo m\u00e1s parecido que tenemos en Ja\u00e9n a una favela. Sobre el tema, recomiendo fervientemente la novela de Paolo Lins &#8216;Ciudad de Dios&#8217;. La pel\u00edcula de Fernando Meirelles tampoco est\u00e1 mal. Un Cerro a lo bestia, superlativo.<\/p>\n<p> <OBJECT  height=295 width=480><PARAM NAME=\"movie\" VALUE=\"http:\/\/www.youtube.com\/v\/NmkwG7ux3l0&#038;hl=es_ES&#038;fs=1\"><PARAM NAME=\"allowFullScreen\" VALUE=\"true\"><PARAM NAME=\"allowscriptaccess\" VALUE=\"always\">      <embed             src=\"\/\/www.youtube.com\/v\/NmkwG7ux3l0&#038;hl=es_ES&#038;fs=1\" type=\"application\/x-shockwave-flash\" width=\"480\" height=\"295\" allowscriptaccess=\"always\" allowfullscreen=\"true\"><\/embed><\/OBJECT><\/p>\n","protected":false},"excerpt":{"rendered":"<p>La presi\u00f3n policial y los focos que llevaron los tiroteos al Camino del Madro\u00f1al de Linares han desplazado el supermercado de la droga de la comarca norte de la provincia hacia el territorio de Los Mallarines. A las casas del Cerro. Las viviendas sociales de la barriada se construyeron en 2003. Antes estaba all\u00ed el [&hellip;]<\/p>\n","protected":false},"author":6,"featured_media":0,"comment_status":"open","ping_status":"closed","sticky":false,"template":"","format":"standard","meta":[],"categories":[2],"tags":[34,50,97,101],"_links":{"self":[{"href":"https:\/\/blogs.ideal.es\/abocajarro\/wp-json\/wp\/v2\/posts\/83"}],"collection":[{"href":"https:\/\/blogs.ideal.es\/abocajarro\/wp-json\/wp\/v2\/posts"}],"about":[{"href":"https:\/\/blogs.ideal.es\/abocajarro\/wp-json\/wp\/v2\/types\/post"}],"author":[{"embeddable":true,"href":"https:\/\/blogs.ideal.es\/abocajarro\/wp-json\/wp\/v2\/users\/6"}],"replies":[{"embeddable":true,"href":"https:\/\/blogs.ideal.es\/abocajarro\/wp-json\/wp\/v2\/comments?post=83"}],"version-history":[{"count":0,"href":"https:\/\/blogs.ideal.es\/abocajarro\/wp-json\/wp\/v2\/posts\/83\/revisions"}],"wp:attachment":[{"href":"https:\/\/blogs.ideal.es\/abocajarro\/wp-json\/wp\/v2\/media?parent=83"}],"wp:term":[{"taxonomy":"category","embeddable":true,"href":"https:\/\/blogs.ideal.es\/abocajarro\/wp-json\/wp\/v2\/categories?post=83"},{"taxonomy":"post_tag","embeddable":true,"href":"https:\/\/blogs.ideal.es\/abocajarro\/wp-json\/wp\/v2\/tags?post=83"}],"curies":[{"name":"wp","href":"https:\/\/api.w.org\/{rel}","templated":true}]}}