{"id":86,"date":"2010-02-19T22:41:00","date_gmt":"2010-02-19T22:41:00","guid":{"rendered":"http:\/\/blogs.ideal.es\/abocajarro\/?p=86"},"modified":"2010-02-19T22:41:00","modified_gmt":"2010-02-19T22:41:00","slug":"el-dia-del-activa2-y-tranviazo","status":"publish","type":"post","link":"https:\/\/blogs.ideal.es\/abocajarro\/2010\/02\/19\/el-dia-del-activa2-y-tranviazo\/","title":{"rendered":"El d\u00eda del Activa2 y el &#039;tranviazo&#039;"},"content":{"rendered":"<p>Lleg\u00f3 el d\u00eda del Activa2 y resulta que el protagonismo lo acapara el tranv\u00eda. Tiene narices. El caballo de hierro lo devora todo a su paso. La que se ha montado con la adjudicaci\u00f3n a Alstom. Me encuentro con el alcalde Juan Fern\u00e1ndez, que me dice que no quiere ni hablar del tema. Al lado, Valdivielso, que intenta bromearle. El marr\u00f3n no es suyo, sino de Pe\u00f1alver. El tranviazo ha escocido mucho. Me temo que va a abrir viejas heridas entre Ja\u00e9n y Linares. \u00c9sto queda para la historia, por m\u00e1s que haya sido una decisi\u00f3n t\u00e9cnica.<\/p>\n<p>Ah\u00ed dejo otra foto que hizo historia. Yo creo que es la foto del d\u00eda, aunque sea del 23 de marzo de 2007: Pe\u00f1alver, Zarr\u00edas y Manolo L\u00f3pez saliendo del vag\u00f3n de tranv\u00eda que se puso en el Bulevar para la campa\u00f1a electoral (la foto la tom\u00f3 Francis J. Cano). Como se puede ver claramente, el vag\u00f3n es de Santana. Por cierto, que a\u00fan nadie ha aclarado (al menos yo no me he enterado) qui\u00e9n corri\u00f3 con los gastos de trasladar hasta Ja\u00e9n ese pedazo de vag\u00f3n, que era una maravilla, y al que se invit\u00f3 a todos los ciudadanos de Ja\u00e9n para que viesen lo bueno que les esperaba. La Solar, cuando Inmaculada Solar a\u00fan andaba por estos mundos de la pol\u00edtica, lo pregunt\u00f3 mucho, sin obtener respuesta.<\/p>\n<p><IMG id=img_0 src=\"\/\/farm3.static.flickr.com\/2732\/4371449768_8719f03a40.jpg\"><\/p>\n<p>Digo yo que la foto tiene su aquel, despu\u00e9s de lo de hoy.<\/p>\n<p>En la Instituci\u00f3n Ferial, fiasco. El R\u00e9gimen intenta poner su mejor cara, pero no merec\u00eda la pena tanto tinglado como el que se mont\u00f3 (movilizaci\u00f3n general) para tan poco contenido. Llega Chaves, anuncia que caer\u00e1n 2.000 millones y que tengamos fe en el c\u00f3mo y el cuando, y punto pelota. No hac\u00eda falta tanta parafernalia.<\/p>\n<p>A estas alturas vender que el Activa ha transformado Ja\u00e9n, una provincia con 70.000 parados, es poco menos que pretencioso. Hay un abismo entre el Ja\u00e9n oficial, el que sacamos en los peri\u00f3dicos con declaraciones altisonantes, y el Ja\u00e9n real, el de la calle. Una enorme brecha. Ayer sientan en el auditorio a un alba\u00f1il, un estudiante y una mujer mayor de 40 a\u00f1os que busque empleo y les da un patat\u00fas.<\/p>\n<p>Lo gordo del acto lo pueden leer en las cr\u00f3nicas de los peri\u00f3dicos. Me quedo con varios detalles:<\/p>\n<p>-Conexi\u00f3n Chaves-Pe\u00f1alver, o c\u00f3mo convertir un acto institucional en un acto de partido: La alcaldesa se lanz\u00f3 al vicepresidente cuando sali\u00f3 del coche, se le agarr\u00f3 del bracete e hizo el pase\u00edllo sin despegarse de \u00e9l. Luego, en la mesa presidencial, bromearon delante de los fot\u00f3grafos. Zarr\u00edas (qui\u00e9n si no) vio el percal y se acerc\u00f3 para salir tambi\u00e9n \u00e9l (ver foto de hoy en la portada de IDEAL). Luego, en su discurso, la regidora convirti\u00f3 \u00bfun acto institucional? en un acto de partido, al felicitar al compa\u00f1ero Manolo, (&#8220;compa\u00f1ero, amigo y padre&#8221;, fueron sus palabras) en alusi\u00f3n al archivo de la querella del PP por el caso Matsa. Parte del p\u00fablico aplaudi\u00f3. Otros miraban alucinados, como diciendo &#8216;d\u00f3nde me he metido yo&#8217;. Los aplausos ven\u00edan a decir que &#8216;el cortijo sigue siendo nuestro, Manuel&#8217;.<\/p>\n<p>-Ni una autocr\u00edtica: El Activa Ja\u00e9n es cojonudo. Quien diga lo contrario es reo de lesa majestad, un paria de la tierra. Si no han venido las empresas prometidas (por la boca del presidente Zapatero, que no es poco) no es problema nuestro, dijo ayer Chaves. All\u00e1 ellos que se lo pierden. <\/p>\n<p>-Ja\u00e9n es la ca\u00f1a: Datos como que s\u00f3lo dos localidades de la provincia (Ja\u00e9n y La Guardia) llegan a la renta media Andaluza no existen en el universo Activa. 1.300 millones invertidos. Eso es lo que cuenta. Y los 2.000 que vendr\u00e1n. Dale, Manolo. Que Ja\u00e9n siga siendo la \u00faltima, que la convergencia con la Espa\u00f1a rica est\u00e9 ahora m\u00e1s lejos (ser los \u00faltimos en renta de la \u00faltima comunidad en renta de Espa\u00f1a no es muy alentador) no importa. En los cuatro a\u00f1os de Activa la brecha ha crecido, pero no importa. El Activa ha sido muy eficaz. Ite missa est.<\/p>\n","protected":false},"excerpt":{"rendered":"<p>Lleg\u00f3 el d\u00eda del Activa2 y resulta que el protagonismo lo acapara el tranv\u00eda. Tiene narices. El caballo de hierro lo devora todo a su paso. La que se ha montado con la adjudicaci\u00f3n a Alstom. Me encuentro con el alcalde Juan Fern\u00e1ndez, que me dice que no quiere ni hablar del tema. Al lado, [&hellip;]<\/p>\n","protected":false},"author":6,"featured_media":0,"comment_status":"open","ping_status":"closed","sticky":false,"template":"","format":"standard","meta":[],"categories":[2],"tags":[],"_links":{"self":[{"href":"https:\/\/blogs.ideal.es\/abocajarro\/wp-json\/wp\/v2\/posts\/86"}],"collection":[{"href":"https:\/\/blogs.ideal.es\/abocajarro\/wp-json\/wp\/v2\/posts"}],"about":[{"href":"https:\/\/blogs.ideal.es\/abocajarro\/wp-json\/wp\/v2\/types\/post"}],"author":[{"embeddable":true,"href":"https:\/\/blogs.ideal.es\/abocajarro\/wp-json\/wp\/v2\/users\/6"}],"replies":[{"embeddable":true,"href":"https:\/\/blogs.ideal.es\/abocajarro\/wp-json\/wp\/v2\/comments?post=86"}],"version-history":[{"count":0,"href":"https:\/\/blogs.ideal.es\/abocajarro\/wp-json\/wp\/v2\/posts\/86\/revisions"}],"wp:attachment":[{"href":"https:\/\/blogs.ideal.es\/abocajarro\/wp-json\/wp\/v2\/media?parent=86"}],"wp:term":[{"taxonomy":"category","embeddable":true,"href":"https:\/\/blogs.ideal.es\/abocajarro\/wp-json\/wp\/v2\/categories?post=86"},{"taxonomy":"post_tag","embeddable":true,"href":"https:\/\/blogs.ideal.es\/abocajarro\/wp-json\/wp\/v2\/tags?post=86"}],"curies":[{"name":"wp","href":"https:\/\/api.w.org\/{rel}","templated":true}]}}