{"id":87,"date":"2010-02-22T11:57:00","date_gmt":"2010-02-22T11:57:00","guid":{"rendered":"http:\/\/blogs.ideal.es\/abocajarro\/?p=87"},"modified":"2010-02-22T11:57:00","modified_gmt":"2010-02-22T11:57:00","slug":"carmonas-cuarta-generacion","status":"publish","type":"post","link":"https:\/\/blogs.ideal.es\/abocajarro\/2010\/02\/22\/carmonas-cuarta-generacion\/","title":{"rendered":"Carmonas de cuarta generaci\u00f3n"},"content":{"rendered":"<p>La Guardia Civil imputa a dos miembros del <A id=link_1 title=http:\/\/www.ideal.es\/jaen\/20100122\/jaen\/tres-atracos-firma-carmona-20100122.html href=\"http:\/\/www.ideal.es\/jaen\/20100122\/jaen\/tres-atracos-firma-carmona-20100122.html\">clan de los Carmona <\/A>el intento de <A id=link_0 title=http:\/\/www.hoy.es\/20100219\/local\/merida\/imputan-hermanos-merida-intento-201002191610.html href=\"http:\/\/www.hoy.es\/20100219\/local\/merida\/imputan-hermanos-merida-intento-201002191610.html\">atraco a un banco en Torredonjimeno<\/A> en los primeros d\u00edas de enero. Se atribuyen ya a esta familia cuatro atracos en Ja\u00e9n y nada menos que 16 en C\u00e1diz, todos en los \u00faltimos meses. Los polic\u00edas m\u00e1s veteranos no se asombran. Hay quien ha conocido, me asegura, al bisabuelo de los dos chavales (uno de ellos menor) del atraco en Torredonjimeno. Y no lo conoci\u00f3 por gusto, sino por gajes del oficio. Nombres m\u00edticos de la cr\u00f3nica negra de Ja\u00e9n: Carmona &#8216;Relojero, Julio Carmona y la Mari Carmen, Antonio &#8216;El manitas&#8217; (terrible delincuente en su juventud en comandita con &#8216;El Pecas&#8217;), el Antonio Carmona que entra a los bancos como Pedro por su casa. Y la continuidad de la saga est\u00e1 asegurada, pues entre los arrestados por los atracos hay un chaval de 17 a\u00f1os que hace honor a su sangre. Su propio padre habla maravillas de \u00e9l, y no son halagos de cualquiera. Son piropos de un Carmona que ve c\u00f3mo se cuaja y se foguea la cuarta generaci\u00f3n.<\/p>\n<p>Ah\u00ed dejo la foto de dos de los Carmona tras su detenci\u00f3n en C\u00e1diz en enero. Se la tomo prestada a los compa\u00f1eros de La Voz de C\u00e1diz:<\/p>\n<p><IMG id=img_1 src=\"\/\/farm3.static.flickr.com\/2728\/4378137627_0eff8b60f1.jpg\"><\/p>\n","protected":false},"excerpt":{"rendered":"<p>La Guardia Civil imputa a dos miembros del clan de los Carmona el intento de atraco a un banco en Torredonjimeno en los primeros d\u00edas de enero. Se atribuyen ya a esta familia cuatro atracos en Ja\u00e9n y nada menos que 16 en C\u00e1diz, todos en los \u00faltimos meses. Los polic\u00edas m\u00e1s veteranos no se [&hellip;]<\/p>\n","protected":false},"author":6,"featured_media":0,"comment_status":"open","ping_status":"closed","sticky":false,"template":"","format":"standard","meta":[],"categories":[2],"tags":[],"_links":{"self":[{"href":"https:\/\/blogs.ideal.es\/abocajarro\/wp-json\/wp\/v2\/posts\/87"}],"collection":[{"href":"https:\/\/blogs.ideal.es\/abocajarro\/wp-json\/wp\/v2\/posts"}],"about":[{"href":"https:\/\/blogs.ideal.es\/abocajarro\/wp-json\/wp\/v2\/types\/post"}],"author":[{"embeddable":true,"href":"https:\/\/blogs.ideal.es\/abocajarro\/wp-json\/wp\/v2\/users\/6"}],"replies":[{"embeddable":true,"href":"https:\/\/blogs.ideal.es\/abocajarro\/wp-json\/wp\/v2\/comments?post=87"}],"version-history":[{"count":0,"href":"https:\/\/blogs.ideal.es\/abocajarro\/wp-json\/wp\/v2\/posts\/87\/revisions"}],"wp:attachment":[{"href":"https:\/\/blogs.ideal.es\/abocajarro\/wp-json\/wp\/v2\/media?parent=87"}],"wp:term":[{"taxonomy":"category","embeddable":true,"href":"https:\/\/blogs.ideal.es\/abocajarro\/wp-json\/wp\/v2\/categories?post=87"},{"taxonomy":"post_tag","embeddable":true,"href":"https:\/\/blogs.ideal.es\/abocajarro\/wp-json\/wp\/v2\/tags?post=87"}],"curies":[{"name":"wp","href":"https:\/\/api.w.org\/{rel}","templated":true}]}}