{"id":89,"date":"2010-02-27T21:01:00","date_gmt":"2010-02-27T21:01:00","guid":{"rendered":"http:\/\/blogs.ideal.es\/abocajarro\/?p=89"},"modified":"2010-02-27T21:01:00","modified_gmt":"2010-02-27T21:01:00","slug":"andaluces","status":"publish","type":"post","link":"https:\/\/blogs.ideal.es\/abocajarro\/2010\/02\/27\/andaluces\/","title":{"rendered":"Andaluces"},"content":{"rendered":"<p>El proyecto estrella de la segunda fase del Activa Ja\u00e9n, <A id=link_0 title=http:\/\/www.ideal.es\/jaen\/v\/20100220\/jaen\/gobierno-aprueba-prorroga-plan-20100220.html href=\"http:\/\/www.ideal.es\/jaen\/v\/20100220\/jaen\/gobierno-aprueba-prorroga-plan-20100220.html\">la presa de La Cerrada de Pozo Alc\u00f3n<\/A>, va a regular la cuenca (280 hect\u00f3metros c\u00fabicos no son moco de pavo) y tambi\u00e9n va a darle agua al altiplano granadino, tierra que llevo en el coraz\u00f3n pero m\u00e1s seca que el alma de Barrab\u00e1s. As\u00ed somos los jienenses. Tontos de buenos. Hombres de luz que a los hombres alma de hombres les dimos. Y agua tambi\u00e9n. El Activa Ja\u00e9n tiene una cara B: Activa Altiplano. Y los grana\u00ednos sin enterarse.<\/p>\n<p>As\u00ed construimos Andaluc\u00eda desde el furg\u00f3n de cola. A golpes de generosidad. Pobres pero honraos. Y generosos. Que para una vez que nos toca algo (palabra de Chaves, 2.000 millones de euros) encima los repartimos.<\/p>\n<p>El 28-F es el d\u00eda de los grandes discursos, de las declaraciones institucionales altisonantes, del somos fen\u00f3menos. De los t\u00f3picos. Aunque el presidente Gri\u00f1\u00e1n tenga como una de sus prioridades acabar con los <A id=link_0 title=http:\/\/www.diariosur.es\/20090908\/andalucia\/grinan-lanza-plan-para-20090908.html href=\"http:\/\/www.diariosur.es\/20090908\/andalucia\/grinan-lanza-plan-para-20090908.html\">t\u00f3picos que padecemos los andaluces. Se lo encarg\u00f3 en septiembre a Paulino Plata<\/A>. Ardo en deseos de saber qu\u00e9 va a hacer Plata. Ojal\u00e1 no caigamos en el m\u00e1s manido de los t\u00f3picos andaluces: cachondeo, mucho cachondeo. Al tiempo.<\/p>\n<p>Los jienenses estamos hoy representados por<A id=link_0 title=http:\/\/www.ideal.es\/granada\/20100216\/local\/jaen\/escultor-iliturgitano-miguel-fuentes-201002161405.html href=\"http:\/\/www.ideal.es\/granada\/20100216\/local\/jaen\/escultor-iliturgitano-miguel-fuentes-201002161405.html\"> Miguel Fuentes Olmo y Pedro Mart\u00ednez Mont\u00e1vez<\/A>. Un escultor de iconograf\u00eda postconciliar y autor de monumentos de la Memoria Hist\u00f3rica y un arabista reputado internacionalmente. Iliturgitano y galduriense. Dos tipos al margen de los t\u00f3picos. Andaluces. De Ja\u00e9n.<\/p>\n","protected":false},"excerpt":{"rendered":"<p>El proyecto estrella de la segunda fase del Activa Ja\u00e9n, la presa de La Cerrada de Pozo Alc\u00f3n, va a regular la cuenca (280 hect\u00f3metros c\u00fabicos no son moco de pavo) y tambi\u00e9n va a darle agua al altiplano granadino, tierra que llevo en el coraz\u00f3n pero m\u00e1s seca que el alma de Barrab\u00e1s. As\u00ed [&hellip;]<\/p>\n","protected":false},"author":6,"featured_media":0,"comment_status":"open","ping_status":"closed","sticky":false,"template":"","format":"standard","meta":[],"categories":[2],"tags":[],"_links":{"self":[{"href":"https:\/\/blogs.ideal.es\/abocajarro\/wp-json\/wp\/v2\/posts\/89"}],"collection":[{"href":"https:\/\/blogs.ideal.es\/abocajarro\/wp-json\/wp\/v2\/posts"}],"about":[{"href":"https:\/\/blogs.ideal.es\/abocajarro\/wp-json\/wp\/v2\/types\/post"}],"author":[{"embeddable":true,"href":"https:\/\/blogs.ideal.es\/abocajarro\/wp-json\/wp\/v2\/users\/6"}],"replies":[{"embeddable":true,"href":"https:\/\/blogs.ideal.es\/abocajarro\/wp-json\/wp\/v2\/comments?post=89"}],"version-history":[{"count":0,"href":"https:\/\/blogs.ideal.es\/abocajarro\/wp-json\/wp\/v2\/posts\/89\/revisions"}],"wp:attachment":[{"href":"https:\/\/blogs.ideal.es\/abocajarro\/wp-json\/wp\/v2\/media?parent=89"}],"wp:term":[{"taxonomy":"category","embeddable":true,"href":"https:\/\/blogs.ideal.es\/abocajarro\/wp-json\/wp\/v2\/categories?post=89"},{"taxonomy":"post_tag","embeddable":true,"href":"https:\/\/blogs.ideal.es\/abocajarro\/wp-json\/wp\/v2\/tags?post=89"}],"curies":[{"name":"wp","href":"https:\/\/api.w.org\/{rel}","templated":true}]}}