{"id":1011,"date":"2013-04-26T11:22:49","date_gmt":"2013-04-26T10:22:49","guid":{"rendered":"http:\/\/blogs.ideal.es\/cocina\/?p=1011"},"modified":"2013-04-26T11:22:49","modified_gmt":"2013-04-26T10:22:49","slug":"xvii-concurso-cocina-del-haba-verde-de-regamam","status":"publish","type":"post","link":"https:\/\/blogs.ideal.es\/cocina\/2013\/04\/26\/xvii-concurso-cocina-del-haba-verde-de-regamam\/","title":{"rendered":"XVII Concurso cocina del Haba Verde de Regamam"},"content":{"rendered":"<p><a href=\"\/cocina\/wp-content\/uploads\/sites\/9\/2013\/04\/Foto-mediana-200413.jpg\"><img loading=\"lazy\" class=\"aligncenter size-medium wp-image-1012\" title=\"Foto mediana  200413\" src=\"\/cocina\/wp-content\/uploads\/sites\/9\/2013\/04\/Foto-mediana-200413-300x176.jpg\" alt=\"\" width=\"300\" height=\"176\" srcset=\"https:\/\/static-blogs.ideal.es\/wp-content\/uploads\/sites\/9\/2013\/04\/Foto-mediana-200413-300x176.jpg 300w, https:\/\/static-blogs.ideal.es\/wp-content\/uploads\/sites\/9\/2013\/04\/Foto-mediana-200413-768x452.jpg 768w, https:\/\/static-blogs.ideal.es\/wp-content\/uploads\/sites\/9\/2013\/04\/Foto-mediana-200413-1024x602.jpg 1024w, https:\/\/static-blogs.ideal.es\/wp-content\/uploads\/sites\/9\/2013\/04\/Foto-mediana-200413.jpg 1500w\" sizes=\"(max-width: 300px) 100vw, 300px\" \/><\/a><\/p>\n<p>Es muy importante que cada a\u00f1o la asociaci\u00f3n gastron\u00f3mica -empresarial Regaman del marco de Monachil, realicen su concurso culinario basado en el haba verde. Un producto muy caracter\u00edstico de la zona y que ha dado gran prestigio a la cocina de Granada y provincia. La idea es ampliar la gama de platos donde el haba es ingrediente. Como siempre y a partir del d\u00eda 25 se podr\u00e1n tomar los diferentes men\u00fas en Los Cerezos, El Guerra, La Cantina de Diego, Casa Fernando, El Lucero, La Estrella, Monte V\u00e9lez o Huerta del Laurel, entre otros destinos<\/p>\n<p>Evento: Concurso de platos con habas<br \/>\nFecha: D\u00eda 24 de abril<br \/>\nActividad: Un nutrido grupo de restaurantes, miembros de Regaman, participan en este re\u00f1ido certamen, de gran solera.<br \/>\nCategor\u00edas: Entradas, primeros y segundos platos. Postres.<br \/>\nJurado: Destacados restaurantes de Granada capital como Ruta del Veleta, Chikito y Las Tinajas y medios de comunicaci\u00f3n.<\/p>\n<!-- AddThis Advanced Settings generic via filter on the_content --><!-- AddThis Share Buttons generic via filter on the_content -->","protected":false},"excerpt":{"rendered":"<p>Es muy importante que cada a\u00f1o la asociaci\u00f3n gastron\u00f3mica -empresarial Regaman del marco de Monachil, realicen su concurso culinario basado en el haba verde. Un producto muy caracter\u00edstico de la zona y que ha dado gran prestigio a la cocina de Granada y provincia. La idea es ampliar la gama de platos donde el haba [&hellip;]<!-- AddThis Advanced Settings generic via filter on get_the_excerpt --><!-- AddThis Share Buttons generic via filter on get_the_excerpt --><\/p>\n","protected":false},"author":5,"featured_media":0,"comment_status":"open","ping_status":"closed","sticky":false,"template":"","format":"standard","meta":[],"categories":[3,4,11,13,14,15],"tags":[],"_links":{"self":[{"href":"https:\/\/blogs.ideal.es\/cocina\/wp-json\/wp\/v2\/posts\/1011"}],"collection":[{"href":"https:\/\/blogs.ideal.es\/cocina\/wp-json\/wp\/v2\/posts"}],"about":[{"href":"https:\/\/blogs.ideal.es\/cocina\/wp-json\/wp\/v2\/types\/post"}],"author":[{"embeddable":true,"href":"https:\/\/blogs.ideal.es\/cocina\/wp-json\/wp\/v2\/users\/5"}],"replies":[{"embeddable":true,"href":"https:\/\/blogs.ideal.es\/cocina\/wp-json\/wp\/v2\/comments?post=1011"}],"version-history":[{"count":0,"href":"https:\/\/blogs.ideal.es\/cocina\/wp-json\/wp\/v2\/posts\/1011\/revisions"}],"wp:attachment":[{"href":"https:\/\/blogs.ideal.es\/cocina\/wp-json\/wp\/v2\/media?parent=1011"}],"wp:term":[{"taxonomy":"category","embeddable":true,"href":"https:\/\/blogs.ideal.es\/cocina\/wp-json\/wp\/v2\/categories?post=1011"},{"taxonomy":"post_tag","embeddable":true,"href":"https:\/\/blogs.ideal.es\/cocina\/wp-json\/wp\/v2\/tags?post=1011"}],"curies":[{"name":"wp","href":"https:\/\/api.w.org\/{rel}","templated":true}]}}