{"id":1025,"date":"2013-04-30T18:39:17","date_gmt":"2013-04-30T17:39:17","guid":{"rendered":"http:\/\/blogs.ideal.es\/cocina\/?p=1025"},"modified":"2013-04-30T18:39:17","modified_gmt":"2013-04-30T17:39:17","slug":"los-ninos-de-franco-asi-fue","status":"publish","type":"post","link":"https:\/\/blogs.ideal.es\/cocina\/2013\/04\/30\/los-ninos-de-franco-asi-fue\/","title":{"rendered":"Los ni\u00f1os de Franco, as\u00ed fue como vivimos"},"content":{"rendered":"<p><a href=\"\/cocina\/wp-content\/uploads\/sites\/9\/2013\/04\/250413.jpg\"><img loading=\"lazy\" class=\"aligncenter size-medium wp-image-1026\" title=\"250413\" src=\"\/cocina\/wp-content\/uploads\/sites\/9\/2013\/04\/250413-231x300.jpg\" alt=\"\" width=\"231\" height=\"300\" \/><\/a><\/p>\n<p>Seguro que se lo pasara muy bien hojeando o leyendo los diferentes art\u00edculos que encierra este libro. Una obra de Xavier Gassi\u00f3, plagada de fotograf\u00edas a color que son retazos y recuerdos de toda una \u00e9poca. El pr\u00f3logo lo hace Juan Eslava Gal\u00e1n y el recorrido por sus 246 p\u00e1ginas nos arranca muchas sonrisas y comentarios. Un libro para compartir con la familia y los amigos y pasar una tarde muy distra\u00edda<\/p>\n<p>&nbsp;<\/p>\n<!-- AddThis Advanced Settings generic via filter on the_content --><!-- AddThis Share Buttons generic via filter on the_content -->","protected":false},"excerpt":{"rendered":"<p>Seguro que se lo pasara muy bien hojeando o leyendo los diferentes art\u00edculos que encierra este libro. Una obra de Xavier Gassi\u00f3, plagada de fotograf\u00edas a color que son retazos y recuerdos de toda una \u00e9poca. El pr\u00f3logo lo hace Juan Eslava Gal\u00e1n y el recorrido por sus 246 p\u00e1ginas nos arranca muchas sonrisas y [&hellip;]<!-- AddThis Advanced Settings generic via filter on get_the_excerpt --><!-- AddThis Share Buttons generic via filter on get_the_excerpt --><\/p>\n","protected":false},"author":5,"featured_media":0,"comment_status":"open","ping_status":"open","sticky":false,"template":"","format":"standard","meta":[],"categories":[10],"tags":[],"_links":{"self":[{"href":"https:\/\/blogs.ideal.es\/cocina\/wp-json\/wp\/v2\/posts\/1025"}],"collection":[{"href":"https:\/\/blogs.ideal.es\/cocina\/wp-json\/wp\/v2\/posts"}],"about":[{"href":"https:\/\/blogs.ideal.es\/cocina\/wp-json\/wp\/v2\/types\/post"}],"author":[{"embeddable":true,"href":"https:\/\/blogs.ideal.es\/cocina\/wp-json\/wp\/v2\/users\/5"}],"replies":[{"embeddable":true,"href":"https:\/\/blogs.ideal.es\/cocina\/wp-json\/wp\/v2\/comments?post=1025"}],"version-history":[{"count":0,"href":"https:\/\/blogs.ideal.es\/cocina\/wp-json\/wp\/v2\/posts\/1025\/revisions"}],"wp:attachment":[{"href":"https:\/\/blogs.ideal.es\/cocina\/wp-json\/wp\/v2\/media?parent=1025"}],"wp:term":[{"taxonomy":"category","embeddable":true,"href":"https:\/\/blogs.ideal.es\/cocina\/wp-json\/wp\/v2\/categories?post=1025"},{"taxonomy":"post_tag","embeddable":true,"href":"https:\/\/blogs.ideal.es\/cocina\/wp-json\/wp\/v2\/tags?post=1025"}],"curies":[{"name":"wp","href":"https:\/\/api.w.org\/{rel}","templated":true}]}}