{"id":1043,"date":"2013-05-07T11:17:58","date_gmt":"2013-05-07T10:17:58","guid":{"rendered":"http:\/\/blogs.ideal.es\/cocina\/?p=1043"},"modified":"2013-05-07T11:17:58","modified_gmt":"2013-05-07T10:17:58","slug":"tonica-me-una-premium-de-varma","status":"publish","type":"post","link":"https:\/\/blogs.ideal.es\/cocina\/2013\/05\/07\/tonica-me-una-premium-de-varma\/","title":{"rendered":"T\u00f3nica ME, una premium de Varma"},"content":{"rendered":"<p><a href=\"\/cocina\/wp-content\/uploads\/sites\/9\/2013\/05\/010513.jpg\"><img loading=\"lazy\" class=\"aligncenter size-full wp-image-1044\" title=\"010513\" src=\"\/cocina\/wp-content\/uploads\/sites\/9\/2013\/05\/010513.jpg\" alt=\"\" width=\"78\" height=\"249\" \/><\/a><\/p>\n<p>Quien nos iba a decir que una bebida pensada para paliar una enfermedad sea el compa\u00f1ero de viaje del combinado de moda: el gin tonic. El mercado premiun se ha llenado de marcas de t\u00f3nicas tan interesantes como esta ME que distribuye Varma. ME Tonic est\u00e1 hecha a base de agua carbonatada de manantial junto con quinina natural, yuzu japon\u00e9s y pimienta negra. Va muy bien con gran cantidad de ginebras actuales.<\/p>\n<p>&nbsp;<\/p>\n<!-- AddThis Advanced Settings generic via filter on the_content --><!-- AddThis Share Buttons generic via filter on the_content -->","protected":false},"excerpt":{"rendered":"<p>Quien nos iba a decir que una bebida pensada para paliar una enfermedad sea el compa\u00f1ero de viaje del combinado de moda: el gin tonic. El mercado premiun se ha llenado de marcas de t\u00f3nicas tan interesantes como esta ME que distribuye Varma. ME Tonic est\u00e1 hecha a base de agua carbonatada de manantial junto [&hellip;]<!-- AddThis Advanced Settings generic via filter on get_the_excerpt --><!-- AddThis Share Buttons generic via filter on get_the_excerpt --><\/p>\n","protected":false},"author":5,"featured_media":0,"comment_status":"open","ping_status":"open","sticky":false,"template":"","format":"standard","meta":[],"categories":[3,9,14],"tags":[],"_links":{"self":[{"href":"https:\/\/blogs.ideal.es\/cocina\/wp-json\/wp\/v2\/posts\/1043"}],"collection":[{"href":"https:\/\/blogs.ideal.es\/cocina\/wp-json\/wp\/v2\/posts"}],"about":[{"href":"https:\/\/blogs.ideal.es\/cocina\/wp-json\/wp\/v2\/types\/post"}],"author":[{"embeddable":true,"href":"https:\/\/blogs.ideal.es\/cocina\/wp-json\/wp\/v2\/users\/5"}],"replies":[{"embeddable":true,"href":"https:\/\/blogs.ideal.es\/cocina\/wp-json\/wp\/v2\/comments?post=1043"}],"version-history":[{"count":0,"href":"https:\/\/blogs.ideal.es\/cocina\/wp-json\/wp\/v2\/posts\/1043\/revisions"}],"wp:attachment":[{"href":"https:\/\/blogs.ideal.es\/cocina\/wp-json\/wp\/v2\/media?parent=1043"}],"wp:term":[{"taxonomy":"category","embeddable":true,"href":"https:\/\/blogs.ideal.es\/cocina\/wp-json\/wp\/v2\/categories?post=1043"},{"taxonomy":"post_tag","embeddable":true,"href":"https:\/\/blogs.ideal.es\/cocina\/wp-json\/wp\/v2\/tags?post=1043"}],"curies":[{"name":"wp","href":"https:\/\/api.w.org\/{rel}","templated":true}]}}