{"id":1055,"date":"2013-05-13T10:48:59","date_gmt":"2013-05-13T09:48:59","guid":{"rendered":"http:\/\/blogs.ideal.es\/cocina\/?p=1055"},"modified":"2013-05-13T10:48:59","modified_gmt":"2013-05-13T09:48:59","slug":"culture-cocktail-presenta-un-combinado-para-granada","status":"publish","type":"post","link":"https:\/\/blogs.ideal.es\/cocina\/2013\/05\/13\/culture-cocktail-presenta-un-combinado-para-granada\/","title":{"rendered":"Culture Cocktail presenta un combinado para Granada"},"content":{"rendered":"<p><a href=\"\/cocina\/wp-content\/uploads\/sites\/9\/2013\/05\/Foto-peque\u00f1a-110513.jpg\"><img loading=\"lazy\" class=\"aligncenter size-medium wp-image-1056\" title=\"Foto peque\u00f1a 110513\" src=\"\/cocina\/wp-content\/uploads\/sites\/9\/2013\/05\/Foto-peque\u00f1a-110513-300x225.jpg\" alt=\"\" width=\"300\" height=\"225\" srcset=\"https:\/\/static-blogs.ideal.es\/wp-content\/uploads\/sites\/9\/2013\/05\/Foto-peque\u00f1a-110513-300x225.jpg 300w, https:\/\/static-blogs.ideal.es\/wp-content\/uploads\/sites\/9\/2013\/05\/Foto-peque\u00f1a-110513-768x576.jpg 768w, https:\/\/static-blogs.ideal.es\/wp-content\/uploads\/sites\/9\/2013\/05\/Foto-peque\u00f1a-110513.jpg 900w\" sizes=\"(max-width: 300px) 100vw, 300px\" \/><\/a><\/p>\n<p>Tomar un c\u00f3ctel siempre ha tenido su toque de glamour. Y siempre se han mantenido en la oferta hostelera, con mayor o menor \u00e9xito y demanda. Recuerdo mis combinados en el m\u00edtico Boadas o en Ideal de Barcelona con Manuel V\u00e1zquez Montalban y Xabier Domingo. Ellos me ense\u00f1aron a descubrir y realizar una especie de disecci\u00f3n palatal de los componentes que tenia cada coctel. Ahora, desde hace unos a\u00f1os, los c\u00f3cteles est\u00e1n de moda y es por eso que una llamativa empresa que se llama The Ministry of Cocktails, en colaboraci\u00f3n con el ayuntamiento de Granada, Turismo de Granada y el patronato de la Alhambra de Granada y Generalife, presentar sus Rutas de Degustaciones&#8221; y premios a la calidad de los establecimientos 2013 por 32 ciudades de Espa\u00f1a.<br \/>\nY es en este contexto donde se ha presentado un coctel muy especial dedicado a Granada. Con la Alhambra al fondo, las autoridades y responsables de. Culture Cocktail 2013&#8243; pudieron comprobar un coctel granadino, que como el famoso Manhatan, tienen nombre de urbe internacional. Se llama &#8220;Sue\u00f1o de la Alhambra&#8221; y lleva 5 cl de ginebra Bulldog, zumo de lim\u00f3n (1,5 cl), Licor de cereza (2 cl), un chorrito de t\u00f3nica Schweppes de Lavanda y Azahar y un aroma pulverizado de jazm\u00edn. La verdad, que como coment\u00e9 con la concejal Roc\u00edo D\u00edaz, est\u00e1 bastante bueno, servido con mucho hielo picado. Esperemos que se convierta en otra propaganda palatal de Granada por todo el mundo.<\/p>\n<!-- AddThis Advanced Settings generic via filter on the_content --><!-- AddThis Share Buttons generic via filter on the_content -->","protected":false},"excerpt":{"rendered":"<p>Tomar un c\u00f3ctel siempre ha tenido su toque de glamour. Y siempre se han mantenido en la oferta hostelera, con mayor o menor \u00e9xito y demanda. Recuerdo mis combinados en el m\u00edtico Boadas o en Ideal de Barcelona con Manuel V\u00e1zquez Montalban y Xabier Domingo. Ellos me ense\u00f1aron a descubrir y realizar una especie de [&hellip;]<!-- AddThis Advanced Settings generic via filter on get_the_excerpt --><!-- AddThis Share Buttons generic via filter on get_the_excerpt --><\/p>\n","protected":false},"author":5,"featured_media":0,"comment_status":"open","ping_status":"open","sticky":false,"template":"","format":"standard","meta":[],"categories":[3,9],"tags":[],"_links":{"self":[{"href":"https:\/\/blogs.ideal.es\/cocina\/wp-json\/wp\/v2\/posts\/1055"}],"collection":[{"href":"https:\/\/blogs.ideal.es\/cocina\/wp-json\/wp\/v2\/posts"}],"about":[{"href":"https:\/\/blogs.ideal.es\/cocina\/wp-json\/wp\/v2\/types\/post"}],"author":[{"embeddable":true,"href":"https:\/\/blogs.ideal.es\/cocina\/wp-json\/wp\/v2\/users\/5"}],"replies":[{"embeddable":true,"href":"https:\/\/blogs.ideal.es\/cocina\/wp-json\/wp\/v2\/comments?post=1055"}],"version-history":[{"count":0,"href":"https:\/\/blogs.ideal.es\/cocina\/wp-json\/wp\/v2\/posts\/1055\/revisions"}],"wp:attachment":[{"href":"https:\/\/blogs.ideal.es\/cocina\/wp-json\/wp\/v2\/media?parent=1055"}],"wp:term":[{"taxonomy":"category","embeddable":true,"href":"https:\/\/blogs.ideal.es\/cocina\/wp-json\/wp\/v2\/categories?post=1055"},{"taxonomy":"post_tag","embeddable":true,"href":"https:\/\/blogs.ideal.es\/cocina\/wp-json\/wp\/v2\/tags?post=1055"}],"curies":[{"name":"wp","href":"https:\/\/api.w.org\/{rel}","templated":true}]}}