{"id":1067,"date":"2013-05-18T19:16:11","date_gmt":"2013-05-18T18:16:11","guid":{"rendered":"http:\/\/blogs.ideal.es\/cocina\/?p=1067"},"modified":"2013-05-18T19:16:11","modified_gmt":"2013-05-18T18:16:11","slug":"cafes-aguayo-un-sabor-muy-granadino","status":"publish","type":"post","link":"https:\/\/blogs.ideal.es\/cocina\/2013\/05\/18\/cafes-aguayo-un-sabor-muy-granadino\/","title":{"rendered":"Caf\u00e9s Aguayo, un sabor muy granadino"},"content":{"rendered":"<p><a href=\"\/cocina\/wp-content\/uploads\/sites\/9\/2013\/05\/140513.jpg\"><img loading=\"lazy\" class=\"aligncenter size-full wp-image-1068\" title=\"140513\" src=\"\/cocina\/wp-content\/uploads\/sites\/9\/2013\/05\/140513.jpg\" alt=\"\" width=\"210\" height=\"210\" srcset=\"https:\/\/static-blogs.ideal.es\/wp-content\/uploads\/sites\/9\/2013\/05\/140513.jpg 210w, https:\/\/static-blogs.ideal.es\/wp-content\/uploads\/sites\/9\/2013\/05\/140513-150x150.jpg 150w\" sizes=\"(max-width: 210px) 100vw, 210px\" \/><\/a><\/p>\n<p>Vuelvo a degustar uno de los caf\u00e9s que hace la familia Aguayo en Granada. Seg\u00fan explica Manuel P\u00e9rez, director comercial y yerno del fundador, el secreto de esta marca est\u00e1 en &#8220;mantener la tradici\u00f3n de cuarenta a\u00f1os y competir en calidad y precio para lo que utilizamos la mejor materia prima&#8221;. Hay varias presentaciones para el consumidor. Desde los paquetes de caf\u00e9 en grano a las dosis en las capsulas modernas.<\/p>\n<div>\n<div><\/div>\n<div>\n<div>\n<p><span style=\"color: blue; font-family: Verdana; font-size: small;\"><\/p>\n<p><\/span><\/p>\n<\/div>\n<\/div>\n<\/div>\n<!-- AddThis Advanced Settings generic via filter on the_content --><!-- AddThis Share Buttons generic via filter on the_content -->","protected":false},"excerpt":{"rendered":"<p>Vuelvo a degustar uno de los caf\u00e9s que hace la familia Aguayo en Granada. Seg\u00fan explica Manuel P\u00e9rez, director comercial y yerno del fundador, el secreto de esta marca est\u00e1 en &#8220;mantener la tradici\u00f3n de cuarenta a\u00f1os y competir en calidad y precio para lo que utilizamos la mejor materia prima&#8221;. Hay varias presentaciones para [&hellip;]<!-- AddThis Advanced Settings generic via filter on get_the_excerpt --><!-- AddThis Share Buttons generic via filter on get_the_excerpt --><\/p>\n","protected":false},"author":5,"featured_media":0,"comment_status":"open","ping_status":"open","sticky":false,"template":"","format":"standard","meta":[],"categories":[3,4,12,14],"tags":[],"_links":{"self":[{"href":"https:\/\/blogs.ideal.es\/cocina\/wp-json\/wp\/v2\/posts\/1067"}],"collection":[{"href":"https:\/\/blogs.ideal.es\/cocina\/wp-json\/wp\/v2\/posts"}],"about":[{"href":"https:\/\/blogs.ideal.es\/cocina\/wp-json\/wp\/v2\/types\/post"}],"author":[{"embeddable":true,"href":"https:\/\/blogs.ideal.es\/cocina\/wp-json\/wp\/v2\/users\/5"}],"replies":[{"embeddable":true,"href":"https:\/\/blogs.ideal.es\/cocina\/wp-json\/wp\/v2\/comments?post=1067"}],"version-history":[{"count":0,"href":"https:\/\/blogs.ideal.es\/cocina\/wp-json\/wp\/v2\/posts\/1067\/revisions"}],"wp:attachment":[{"href":"https:\/\/blogs.ideal.es\/cocina\/wp-json\/wp\/v2\/media?parent=1067"}],"wp:term":[{"taxonomy":"category","embeddable":true,"href":"https:\/\/blogs.ideal.es\/cocina\/wp-json\/wp\/v2\/categories?post=1067"},{"taxonomy":"post_tag","embeddable":true,"href":"https:\/\/blogs.ideal.es\/cocina\/wp-json\/wp\/v2\/tags?post=1067"}],"curies":[{"name":"wp","href":"https:\/\/api.w.org\/{rel}","templated":true}]}}