{"id":1069,"date":"2013-05-18T20:32:45","date_gmt":"2013-05-18T19:32:45","guid":{"rendered":"http:\/\/blogs.ideal.es\/cocina\/?p=1069"},"modified":"2013-05-18T20:32:45","modified_gmt":"2013-05-18T19:32:45","slug":"aprender-de-fotos-con-kike-del-olmo","status":"publish","type":"post","link":"https:\/\/blogs.ideal.es\/cocina\/2013\/05\/18\/aprender-de-fotos-con-kike-del-olmo\/","title":{"rendered":"Aprender de fotos con Kike del Olmo"},"content":{"rendered":"<p><a href=\"\/cocina\/wp-content\/uploads\/sites\/9\/2013\/05\/1505131.jpg\"><img loading=\"lazy\" class=\"aligncenter size-medium wp-image-1071\" title=\"150513\" src=\"\/cocina\/wp-content\/uploads\/sites\/9\/2013\/05\/1505131-251x300.jpg\" alt=\"\" width=\"251\" height=\"300\" srcset=\"https:\/\/static-blogs.ideal.es\/wp-content\/uploads\/sites\/9\/2013\/05\/1505131-251x300.jpg 251w, https:\/\/static-blogs.ideal.es\/wp-content\/uploads\/sites\/9\/2013\/05\/1505131.jpg 754w\" sizes=\"(max-width: 251px) 100vw, 251px\" \/><\/a><\/p>\n<p>El fot\u00f3grafo y periodista Kike del Olmo, gran viajero e hijo del famoso periodista del mismo apellido, ofrece un nuevo concepto para los amantes de la imagen y la gastronom\u00eda. Ha creado en su Barcelona natal un servicio profesional de fotograf\u00eda que lo llevar\u00e1 a los mejores \u00a0lugares para hacer las fotos que desee. Miren su trabajo en http:\/\/www.kikedelolmo.es\/gallery-list. Contacto: 933 199 068<\/p>\n<!-- AddThis Advanced Settings generic via filter on the_content --><!-- AddThis Share Buttons generic via filter on the_content -->","protected":false},"excerpt":{"rendered":"<p>El fot\u00f3grafo y periodista Kike del Olmo, gran viajero e hijo del famoso periodista del mismo apellido, ofrece un nuevo concepto para los amantes de la imagen y la gastronom\u00eda. Ha creado en su Barcelona natal un servicio profesional de fotograf\u00eda que lo llevar\u00e1 a los mejores \u00a0lugares para hacer las fotos que desee. Miren [&hellip;]<!-- AddThis Advanced Settings generic via filter on get_the_excerpt --><!-- AddThis Share Buttons generic via filter on get_the_excerpt --><\/p>\n","protected":false},"author":5,"featured_media":0,"comment_status":"open","ping_status":"open","sticky":false,"template":"","format":"standard","meta":[],"categories":[3,10],"tags":[],"_links":{"self":[{"href":"https:\/\/blogs.ideal.es\/cocina\/wp-json\/wp\/v2\/posts\/1069"}],"collection":[{"href":"https:\/\/blogs.ideal.es\/cocina\/wp-json\/wp\/v2\/posts"}],"about":[{"href":"https:\/\/blogs.ideal.es\/cocina\/wp-json\/wp\/v2\/types\/post"}],"author":[{"embeddable":true,"href":"https:\/\/blogs.ideal.es\/cocina\/wp-json\/wp\/v2\/users\/5"}],"replies":[{"embeddable":true,"href":"https:\/\/blogs.ideal.es\/cocina\/wp-json\/wp\/v2\/comments?post=1069"}],"version-history":[{"count":0,"href":"https:\/\/blogs.ideal.es\/cocina\/wp-json\/wp\/v2\/posts\/1069\/revisions"}],"wp:attachment":[{"href":"https:\/\/blogs.ideal.es\/cocina\/wp-json\/wp\/v2\/media?parent=1069"}],"wp:term":[{"taxonomy":"category","embeddable":true,"href":"https:\/\/blogs.ideal.es\/cocina\/wp-json\/wp\/v2\/categories?post=1069"},{"taxonomy":"post_tag","embeddable":true,"href":"https:\/\/blogs.ideal.es\/cocina\/wp-json\/wp\/v2\/tags?post=1069"}],"curies":[{"name":"wp","href":"https:\/\/api.w.org\/{rel}","templated":true}]}}