{"id":1076,"date":"2013-05-23T18:17:33","date_gmt":"2013-05-23T17:17:33","guid":{"rendered":"http:\/\/blogs.ideal.es\/cocina\/?p=1076"},"modified":"2013-05-23T18:17:33","modified_gmt":"2013-05-23T17:17:33","slug":"aceite-castillo-de-tabernas-picual","status":"publish","type":"post","link":"https:\/\/blogs.ideal.es\/cocina\/2013\/05\/23\/aceite-castillo-de-tabernas-picual\/","title":{"rendered":"Aceite Castillo de Tabernas Picual"},"content":{"rendered":"<p><a href=\"\/cocina\/wp-content\/uploads\/sites\/9\/2013\/05\/170513.gif\"><img loading=\"lazy\" class=\"aligncenter size-medium wp-image-1077\" title=\"170513\" src=\"\/cocina\/wp-content\/uploads\/sites\/9\/2013\/05\/170513-119x300.gif\" alt=\"\" width=\"119\" height=\"300\" \/><\/a><\/p>\n<p>La familia \u00dabeda plant\u00f3 un buen olivar una comarca que goza de la mayor cantidad de horas de sol del continente europeo. Esto implica que sus olivos tengan unas condiciones y frutos, las aceitunas, muy singulares y caracter\u00edsticas que se aprecian en el sabor de este aceite de oliva virgen extra. Esta selecci\u00f3n gourmet se extrae solo con medios mec\u00e1nicos y se logra un mosto oleoso de ricos aromas y plenos sabores<\/p>\n<!-- AddThis Advanced Settings generic via filter on the_content --><!-- AddThis Share Buttons generic via filter on the_content -->","protected":false},"excerpt":{"rendered":"<p>La familia \u00dabeda plant\u00f3 un buen olivar una comarca que goza de la mayor cantidad de horas de sol del continente europeo. Esto implica que sus olivos tengan unas condiciones y frutos, las aceitunas, muy singulares y caracter\u00edsticas que se aprecian en el sabor de este aceite de oliva virgen extra. Esta selecci\u00f3n gourmet se [&hellip;]<!-- AddThis Advanced Settings generic via filter on get_the_excerpt --><!-- AddThis Share Buttons generic via filter on get_the_excerpt --><\/p>\n","protected":false},"author":5,"featured_media":0,"comment_status":"open","ping_status":"open","sticky":false,"template":"","format":"standard","meta":[],"categories":[2,3,14],"tags":[],"_links":{"self":[{"href":"https:\/\/blogs.ideal.es\/cocina\/wp-json\/wp\/v2\/posts\/1076"}],"collection":[{"href":"https:\/\/blogs.ideal.es\/cocina\/wp-json\/wp\/v2\/posts"}],"about":[{"href":"https:\/\/blogs.ideal.es\/cocina\/wp-json\/wp\/v2\/types\/post"}],"author":[{"embeddable":true,"href":"https:\/\/blogs.ideal.es\/cocina\/wp-json\/wp\/v2\/users\/5"}],"replies":[{"embeddable":true,"href":"https:\/\/blogs.ideal.es\/cocina\/wp-json\/wp\/v2\/comments?post=1076"}],"version-history":[{"count":0,"href":"https:\/\/blogs.ideal.es\/cocina\/wp-json\/wp\/v2\/posts\/1076\/revisions"}],"wp:attachment":[{"href":"https:\/\/blogs.ideal.es\/cocina\/wp-json\/wp\/v2\/media?parent=1076"}],"wp:term":[{"taxonomy":"category","embeddable":true,"href":"https:\/\/blogs.ideal.es\/cocina\/wp-json\/wp\/v2\/categories?post=1076"},{"taxonomy":"post_tag","embeddable":true,"href":"https:\/\/blogs.ideal.es\/cocina\/wp-json\/wp\/v2\/tags?post=1076"}],"curies":[{"name":"wp","href":"https:\/\/api.w.org\/{rel}","templated":true}]}}