{"id":1080,"date":"2013-05-24T11:00:54","date_gmt":"2013-05-24T10:00:54","guid":{"rendered":"http:\/\/blogs.ideal.es\/cocina\/?p=1080"},"modified":"2013-05-24T11:00:54","modified_gmt":"2013-05-24T10:00:54","slug":"muestra-de-alta-cocina-y-vinos-en-el-robinson-club-playa","status":"publish","type":"post","link":"https:\/\/blogs.ideal.es\/cocina\/2013\/05\/24\/muestra-de-alta-cocina-y-vinos-en-el-robinson-club-playa\/","title":{"rendered":"Muestra de alta cocina y vinos en el Robinson Club Playa"},"content":{"rendered":"<p><a href=\"\/cocina\/wp-content\/uploads\/sites\/9\/2013\/05\/Foto-media-180513.jpg\"><img loading=\"lazy\" class=\"aligncenter size-medium wp-image-1081\" title=\"Foto media 180513\" src=\"\/cocina\/wp-content\/uploads\/sites\/9\/2013\/05\/Foto-media-180513-300x225.jpg\" alt=\"\" width=\"300\" height=\"225\" srcset=\"https:\/\/static-blogs.ideal.es\/wp-content\/uploads\/sites\/9\/2013\/05\/Foto-media-180513-300x225.jpg 300w, https:\/\/static-blogs.ideal.es\/wp-content\/uploads\/sites\/9\/2013\/05\/Foto-media-180513-768x576.jpg 768w, https:\/\/static-blogs.ideal.es\/wp-content\/uploads\/sites\/9\/2013\/05\/Foto-media-180513.jpg 900w\" sizes=\"(max-width: 300px) 100vw, 300px\" \/><\/a><\/p>\n<p>Este complejo hotelero tiene previsto un programa de vinos y gastronom\u00eda especial para la temporada, que comenz\u00f3 con la cocina de Jens Kirchenwitz, un estrella Michelin, que realiz\u00f3 una interesante y variada cena de mucho nivel. \u00a0Cada plato estuvo regado con los diferentes vinos de la bodega Gutzler de Alemania, desde el espumoso, blancos, tintos y licoroso. El hotel tambi\u00e9n contar\u00e1 con la cocina de famosos restaurantes y vinos espa\u00f1oles. Estas cenas y catas de vinos est\u00e1n abiertas tambi\u00e9n a clientes no alojados, previa reserva al hotel.<\/p>\n<p><strong>Lugar:<\/strong> Hotel Robinson Club Playa Granada Motril<br \/>\n<strong>Direcci\u00f3n:<\/strong> C\/ Rector Pascual Rivas Carrera, 1 Motril<br \/>\n<strong>Tel\u00e9fono:<\/strong> 958 60 62 82<br \/>\n<strong>Cocinero invitado:<\/strong> Jens Kirchenwitz<br \/>\n<strong>Jefe de cocina hotel:<\/strong> Sascha Schmidt<br \/>\n<strong>Director hotel:<\/strong> Eric Schumann<br \/>\n<strong>Bodeguero:<\/strong> Michael Gutzler<br \/>\n<strong>Jefe de ventas para Espa\u00f1a:<\/strong> Luis Melgarejo<\/p>\n<!-- AddThis Advanced Settings generic via filter on the_content --><!-- AddThis Share Buttons generic via filter on the_content -->","protected":false},"excerpt":{"rendered":"<p>Este complejo hotelero tiene previsto un programa de vinos y gastronom\u00eda especial para la temporada, que comenz\u00f3 con la cocina de Jens Kirchenwitz, un estrella Michelin, que realiz\u00f3 una interesante y variada cena de mucho nivel. \u00a0Cada plato estuvo regado con los diferentes vinos de la bodega Gutzler de Alemania, desde el espumoso, blancos, tintos [&hellip;]<!-- AddThis Advanced Settings generic via filter on get_the_excerpt --><!-- AddThis Share Buttons generic via filter on get_the_excerpt --><\/p>\n","protected":false},"author":5,"featured_media":0,"comment_status":"open","ping_status":"open","sticky":false,"template":"","format":"standard","meta":[],"categories":[3,11],"tags":[],"_links":{"self":[{"href":"https:\/\/blogs.ideal.es\/cocina\/wp-json\/wp\/v2\/posts\/1080"}],"collection":[{"href":"https:\/\/blogs.ideal.es\/cocina\/wp-json\/wp\/v2\/posts"}],"about":[{"href":"https:\/\/blogs.ideal.es\/cocina\/wp-json\/wp\/v2\/types\/post"}],"author":[{"embeddable":true,"href":"https:\/\/blogs.ideal.es\/cocina\/wp-json\/wp\/v2\/users\/5"}],"replies":[{"embeddable":true,"href":"https:\/\/blogs.ideal.es\/cocina\/wp-json\/wp\/v2\/comments?post=1080"}],"version-history":[{"count":0,"href":"https:\/\/blogs.ideal.es\/cocina\/wp-json\/wp\/v2\/posts\/1080\/revisions"}],"wp:attachment":[{"href":"https:\/\/blogs.ideal.es\/cocina\/wp-json\/wp\/v2\/media?parent=1080"}],"wp:term":[{"taxonomy":"category","embeddable":true,"href":"https:\/\/blogs.ideal.es\/cocina\/wp-json\/wp\/v2\/categories?post=1080"},{"taxonomy":"post_tag","embeddable":true,"href":"https:\/\/blogs.ideal.es\/cocina\/wp-json\/wp\/v2\/tags?post=1080"}],"curies":[{"name":"wp","href":"https:\/\/api.w.org\/{rel}","templated":true}]}}