{"id":1102,"date":"2013-06-03T21:07:07","date_gmt":"2013-06-03T20:07:07","guid":{"rendered":"http:\/\/blogs.ideal.es\/cocina\/?p=1102"},"modified":"2013-06-03T21:07:07","modified_gmt":"2013-06-03T20:07:07","slug":"las-barretas-del-corpus-un-dulce-muy-exotico","status":"publish","type":"post","link":"https:\/\/blogs.ideal.es\/cocina\/2013\/06\/03\/las-barretas-del-corpus-un-dulce-muy-exotico\/","title":{"rendered":"Las barretas del Corpus, un dulce muy ex\u00f3tico"},"content":{"rendered":"<p><a href=\"\/cocina\/wp-content\/uploads\/sites\/9\/2013\/06\/300513a.jpg\"><img loading=\"lazy\" class=\"aligncenter size-medium wp-image-1103\" title=\"300513a\" src=\"\/cocina\/wp-content\/uploads\/sites\/9\/2013\/06\/300513a-300x268.jpg\" alt=\"\" width=\"300\" height=\"268\" srcset=\"https:\/\/static-blogs.ideal.es\/wp-content\/uploads\/sites\/9\/2013\/06\/300513a-300x268.jpg 300w, https:\/\/static-blogs.ideal.es\/wp-content\/uploads\/sites\/9\/2013\/06\/300513a.jpg 550w\" sizes=\"(max-width: 300px) 100vw, 300px\" \/><\/a><\/p>\n<p>F\u00edjense si este dulce granadino es tan raro, que si pone barretas en Google solo aparece una foto que hice yo a unas barretas. Lo dem\u00e1s son otras cosas. Hasta herramientas. En cambio en Granada hoy es el d\u00eda de comprar una &#8220;cajeta&#8221; de barretas. Bien sean las cl\u00e1sicas de az\u00facar fundida y almendras, o toda la gama de variantes y &#8220;blandas&#8221; que hay en las confiter\u00edas. Debemos procurar que no se pierdan. Muy ricas en El Sol, etc<\/p>\n<!-- AddThis Advanced Settings generic via filter on the_content --><!-- AddThis Share Buttons generic via filter on the_content -->","protected":false},"excerpt":{"rendered":"<p>F\u00edjense si este dulce granadino es tan raro, que si pone barretas en Google solo aparece una foto que hice yo a unas barretas. Lo dem\u00e1s son otras cosas. Hasta herramientas. En cambio en Granada hoy es el d\u00eda de comprar una &#8220;cajeta&#8221; de barretas. Bien sean las cl\u00e1sicas de az\u00facar fundida y almendras, o [&hellip;]<!-- AddThis Advanced Settings generic via filter on get_the_excerpt --><!-- AddThis Share Buttons generic via filter on get_the_excerpt --><\/p>\n","protected":false},"author":5,"featured_media":0,"comment_status":"open","ping_status":"open","sticky":false,"template":"","format":"standard","meta":[],"categories":[3,4,8,11,12],"tags":[],"_links":{"self":[{"href":"https:\/\/blogs.ideal.es\/cocina\/wp-json\/wp\/v2\/posts\/1102"}],"collection":[{"href":"https:\/\/blogs.ideal.es\/cocina\/wp-json\/wp\/v2\/posts"}],"about":[{"href":"https:\/\/blogs.ideal.es\/cocina\/wp-json\/wp\/v2\/types\/post"}],"author":[{"embeddable":true,"href":"https:\/\/blogs.ideal.es\/cocina\/wp-json\/wp\/v2\/users\/5"}],"replies":[{"embeddable":true,"href":"https:\/\/blogs.ideal.es\/cocina\/wp-json\/wp\/v2\/comments?post=1102"}],"version-history":[{"count":0,"href":"https:\/\/blogs.ideal.es\/cocina\/wp-json\/wp\/v2\/posts\/1102\/revisions"}],"wp:attachment":[{"href":"https:\/\/blogs.ideal.es\/cocina\/wp-json\/wp\/v2\/media?parent=1102"}],"wp:term":[{"taxonomy":"category","embeddable":true,"href":"https:\/\/blogs.ideal.es\/cocina\/wp-json\/wp\/v2\/categories?post=1102"},{"taxonomy":"post_tag","embeddable":true,"href":"https:\/\/blogs.ideal.es\/cocina\/wp-json\/wp\/v2\/tags?post=1102"}],"curies":[{"name":"wp","href":"https:\/\/api.w.org\/{rel}","templated":true}]}}