{"id":1104,"date":"2013-06-03T21:41:50","date_gmt":"2013-06-03T20:41:50","guid":{"rendered":"http:\/\/blogs.ideal.es\/cocina\/?p=1104"},"modified":"2013-06-03T21:41:50","modified_gmt":"2013-06-03T20:41:50","slug":"molino-de-la-calzada-una-gran-seleccion-aove","status":"publish","type":"post","link":"https:\/\/blogs.ideal.es\/cocina\/2013\/06\/03\/molino-de-la-calzada-una-gran-seleccion-aove\/","title":{"rendered":"Molino de la Calzada, una gran selecci\u00f3n AOVE"},"content":{"rendered":"<p><a href=\"\/cocina\/wp-content\/uploads\/sites\/9\/2013\/06\/310513.jpg\"><img loading=\"lazy\" class=\"aligncenter size-medium wp-image-1105\" title=\"310513\" src=\"\/cocina\/wp-content\/uploads\/sites\/9\/2013\/06\/310513-104x300.jpg\" alt=\"\" width=\"104\" height=\"300\" \/><\/a><\/p>\n<p>Las siglas AOVE las solemos utilizar en el mundo ole\u00edcola para definir a los Aceites de Oliva Virgen Extra&#8221;. Molino de la Calzada es un aceite especial de gran selecci\u00f3n elaborado por Francisco Rold\u00e1n en \u00cdllora. No se si esta almazara esta asociada \u00a0a la DO Poniente, pero el pr\u00f3ximo d\u00eda 7 de junio a las 12 de la ma\u00f1ana en el auditorio de la sede de Caja Rural de Granada, entregan sus premios anuales a los mejores aceites.<\/p>\n<!-- AddThis Advanced Settings generic via filter on the_content --><!-- AddThis Share Buttons generic via filter on the_content -->","protected":false},"excerpt":{"rendered":"<p>Las siglas AOVE las solemos utilizar en el mundo ole\u00edcola para definir a los Aceites de Oliva Virgen Extra&#8221;. Molino de la Calzada es un aceite especial de gran selecci\u00f3n elaborado por Francisco Rold\u00e1n en \u00cdllora. No se si esta almazara esta asociada \u00a0a la DO Poniente, pero el pr\u00f3ximo d\u00eda 7 de junio a [&hellip;]<!-- AddThis Advanced Settings generic via filter on get_the_excerpt --><!-- AddThis Share Buttons generic via filter on get_the_excerpt --><\/p>\n","protected":false},"author":5,"featured_media":0,"comment_status":"open","ping_status":"open","sticky":false,"template":"","format":"standard","meta":[],"categories":[2,3,14],"tags":[],"_links":{"self":[{"href":"https:\/\/blogs.ideal.es\/cocina\/wp-json\/wp\/v2\/posts\/1104"}],"collection":[{"href":"https:\/\/blogs.ideal.es\/cocina\/wp-json\/wp\/v2\/posts"}],"about":[{"href":"https:\/\/blogs.ideal.es\/cocina\/wp-json\/wp\/v2\/types\/post"}],"author":[{"embeddable":true,"href":"https:\/\/blogs.ideal.es\/cocina\/wp-json\/wp\/v2\/users\/5"}],"replies":[{"embeddable":true,"href":"https:\/\/blogs.ideal.es\/cocina\/wp-json\/wp\/v2\/comments?post=1104"}],"version-history":[{"count":0,"href":"https:\/\/blogs.ideal.es\/cocina\/wp-json\/wp\/v2\/posts\/1104\/revisions"}],"wp:attachment":[{"href":"https:\/\/blogs.ideal.es\/cocina\/wp-json\/wp\/v2\/media?parent=1104"}],"wp:term":[{"taxonomy":"category","embeddable":true,"href":"https:\/\/blogs.ideal.es\/cocina\/wp-json\/wp\/v2\/categories?post=1104"},{"taxonomy":"post_tag","embeddable":true,"href":"https:\/\/blogs.ideal.es\/cocina\/wp-json\/wp\/v2\/tags?post=1104"}],"curies":[{"name":"wp","href":"https:\/\/api.w.org\/{rel}","templated":true}]}}