{"id":1134,"date":"2013-06-17T18:55:53","date_gmt":"2013-06-17T17:55:53","guid":{"rendered":"http:\/\/blogs.ideal.es\/cocina\/?p=1134"},"modified":"2013-06-17T18:55:53","modified_gmt":"2013-06-17T17:55:53","slug":"un-libro-tarta-perfecta-de-alma-obregon","status":"publish","type":"post","link":"https:\/\/blogs.ideal.es\/cocina\/2013\/06\/17\/un-libro-tarta-perfecta-de-alma-obregon\/","title":{"rendered":"Un libro; Tarta perfecta  de Alma Obreg\u00f3n"},"content":{"rendered":"<p>Este es el segundo libro de la creativa repostera bilba\u00edna. Que siendo licenciada tambi\u00e9n en &#8220;Pedagog\u00eda del Viol\u00edn&#8221;, lo dej\u00f3 todo para hacer tartas. La singular confitera vasca descubre en 50 recetas las posibilidades que hay para hacer tartas y &#8220;cupcake&#8221;. Los cel\u00edacos, diab\u00e9ticos y veganos tambi\u00e9n encontraran recetas para ellos. Cuenta la tecnolog\u00eda Clic2C para smartphone. El libro editado por El Pa\u00eds &#8211; Aguilar tiene 133 p\u00e1ginas<\/p>\n<!-- AddThis Advanced Settings generic via filter on the_content --><!-- AddThis Share Buttons generic via filter on the_content -->","protected":false},"excerpt":{"rendered":"<p>Este es el segundo libro de la creativa repostera bilba\u00edna. Que siendo licenciada tambi\u00e9n en &#8220;Pedagog\u00eda del Viol\u00edn&#8221;, lo dej\u00f3 todo para hacer tartas. La singular confitera vasca descubre en 50 recetas las posibilidades que hay para hacer tartas y &#8220;cupcake&#8221;. Los cel\u00edacos, diab\u00e9ticos y veganos tambi\u00e9n encontraran recetas para ellos. Cuenta la tecnolog\u00eda Clic2C [&hellip;]<!-- AddThis Advanced Settings generic via filter on get_the_excerpt --><!-- AddThis Share Buttons generic via filter on get_the_excerpt --><\/p>\n","protected":false},"author":5,"featured_media":0,"comment_status":"open","ping_status":"open","sticky":false,"template":"","format":"standard","meta":[],"categories":[3,10],"tags":[],"_links":{"self":[{"href":"https:\/\/blogs.ideal.es\/cocina\/wp-json\/wp\/v2\/posts\/1134"}],"collection":[{"href":"https:\/\/blogs.ideal.es\/cocina\/wp-json\/wp\/v2\/posts"}],"about":[{"href":"https:\/\/blogs.ideal.es\/cocina\/wp-json\/wp\/v2\/types\/post"}],"author":[{"embeddable":true,"href":"https:\/\/blogs.ideal.es\/cocina\/wp-json\/wp\/v2\/users\/5"}],"replies":[{"embeddable":true,"href":"https:\/\/blogs.ideal.es\/cocina\/wp-json\/wp\/v2\/comments?post=1134"}],"version-history":[{"count":0,"href":"https:\/\/blogs.ideal.es\/cocina\/wp-json\/wp\/v2\/posts\/1134\/revisions"}],"wp:attachment":[{"href":"https:\/\/blogs.ideal.es\/cocina\/wp-json\/wp\/v2\/media?parent=1134"}],"wp:term":[{"taxonomy":"category","embeddable":true,"href":"https:\/\/blogs.ideal.es\/cocina\/wp-json\/wp\/v2\/categories?post=1134"},{"taxonomy":"post_tag","embeddable":true,"href":"https:\/\/blogs.ideal.es\/cocina\/wp-json\/wp\/v2\/tags?post=1134"}],"curies":[{"name":"wp","href":"https:\/\/api.w.org\/{rel}","templated":true}]}}