{"id":1141,"date":"2013-06-24T18:14:27","date_gmt":"2013-06-24T17:14:27","guid":{"rendered":"http:\/\/blogs.ideal.es\/cocina\/?p=1141"},"modified":"2013-06-24T18:14:27","modified_gmt":"2013-06-24T17:14:27","slug":"tia-maria-un-licor-para-los-amantes-del-cafe","status":"publish","type":"post","link":"https:\/\/blogs.ideal.es\/cocina\/2013\/06\/24\/tia-maria-un-licor-para-los-amantes-del-cafe\/","title":{"rendered":"T\u00eda Mar\u00eda un licor para los amantes del caf\u00e9"},"content":{"rendered":"<p><a href=\"\/cocina\/wp-content\/uploads\/sites\/9\/2013\/06\/180613-a1.jpg\"><img loading=\"lazy\" class=\"aligncenter size-medium wp-image-1143\" title=\"180613 a\" src=\"\/cocina\/wp-content\/uploads\/sites\/9\/2013\/06\/180613-a1-135x300.jpg\" alt=\"\" width=\"135\" height=\"300\" srcset=\"https:\/\/static-blogs.ideal.es\/wp-content\/uploads\/sites\/9\/2013\/06\/180613-a1-135x300.jpg 135w, https:\/\/static-blogs.ideal.es\/wp-content\/uploads\/sites\/9\/2013\/06\/180613-a1.jpg 360w\" sizes=\"(max-width: 135px) 100vw, 135px\" \/><\/a><\/p>\n<p>Hoy, los que cumplen a\u00f1os, seguro que tienen pensado celebrarlo de muchas formas y con muchos sabores. Y entre los personas que conozco hay una se\u00f1ora joven que disfruta con un buen caf\u00e9. Y le recomiendo que tomen una copa de T\u00eda Mar\u00eda. Un licor de abolengo que la gente joven no lo prueba por desconocimiento. Pero cuando se degusta, sorprende por su sabor, nada empalagoso y su final de boca. Con unos cubitos, un diez<\/p>\n<!-- AddThis Advanced Settings generic via filter on the_content --><!-- AddThis Share Buttons generic via filter on the_content -->","protected":false},"excerpt":{"rendered":"<p>Hoy, los que cumplen a\u00f1os, seguro que tienen pensado celebrarlo de muchas formas y con muchos sabores. Y entre los personas que conozco hay una se\u00f1ora joven que disfruta con un buen caf\u00e9. Y le recomiendo que tomen una copa de T\u00eda Mar\u00eda. Un licor de abolengo que la gente joven no lo prueba por [&hellip;]<!-- AddThis Advanced Settings generic via filter on get_the_excerpt --><!-- AddThis Share Buttons generic via filter on get_the_excerpt --><\/p>\n","protected":false},"author":5,"featured_media":0,"comment_status":"open","ping_status":"open","sticky":false,"template":"","format":"standard","meta":[],"categories":[3,9],"tags":[],"_links":{"self":[{"href":"https:\/\/blogs.ideal.es\/cocina\/wp-json\/wp\/v2\/posts\/1141"}],"collection":[{"href":"https:\/\/blogs.ideal.es\/cocina\/wp-json\/wp\/v2\/posts"}],"about":[{"href":"https:\/\/blogs.ideal.es\/cocina\/wp-json\/wp\/v2\/types\/post"}],"author":[{"embeddable":true,"href":"https:\/\/blogs.ideal.es\/cocina\/wp-json\/wp\/v2\/users\/5"}],"replies":[{"embeddable":true,"href":"https:\/\/blogs.ideal.es\/cocina\/wp-json\/wp\/v2\/comments?post=1141"}],"version-history":[{"count":0,"href":"https:\/\/blogs.ideal.es\/cocina\/wp-json\/wp\/v2\/posts\/1141\/revisions"}],"wp:attachment":[{"href":"https:\/\/blogs.ideal.es\/cocina\/wp-json\/wp\/v2\/media?parent=1141"}],"wp:term":[{"taxonomy":"category","embeddable":true,"href":"https:\/\/blogs.ideal.es\/cocina\/wp-json\/wp\/v2\/categories?post=1141"},{"taxonomy":"post_tag","embeddable":true,"href":"https:\/\/blogs.ideal.es\/cocina\/wp-json\/wp\/v2\/tags?post=1141"}],"curies":[{"name":"wp","href":"https:\/\/api.w.org\/{rel}","templated":true}]}}