{"id":1149,"date":"2013-06-30T09:40:22","date_gmt":"2013-06-30T08:40:22","guid":{"rendered":"http:\/\/blogs.ideal.es\/cocina\/?p=1149"},"modified":"2013-06-30T09:40:22","modified_gmt":"2013-06-30T08:40:22","slug":"chaqueta-de-chikito-para-alberto-chicote","status":"publish","type":"post","link":"https:\/\/blogs.ideal.es\/cocina\/2013\/06\/30\/chaqueta-de-chikito-para-alberto-chicote\/","title":{"rendered":"Chaqueta de Chikito para Alberto Chicote"},"content":{"rendered":"<p><a href=\"\/cocina\/wp-content\/uploads\/sites\/9\/2013\/06\/240613-a.jpg\"><img loading=\"lazy\" class=\"aligncenter size-medium wp-image-1150\" title=\"240613 a\" src=\"\/cocina\/wp-content\/uploads\/sites\/9\/2013\/06\/240613-a-225x300.jpg\" alt=\"\" width=\"225\" height=\"300\" srcset=\"https:\/\/static-blogs.ideal.es\/wp-content\/uploads\/sites\/9\/2013\/06\/240613-a-225x300.jpg 225w, https:\/\/static-blogs.ideal.es\/wp-content\/uploads\/sites\/9\/2013\/06\/240613-a.jpg 675w\" sizes=\"(max-width: 225px) 100vw, 225px\" \/><\/a><\/p>\n<p>Tuve el placer de tener en Granada al amigo y cocinero Alberto Chicote. Que actualmente presenta e interviene el el programa televisivo: &#8220;Pesadilla en la cocina&#8221;. Vino a intervenir en el congreso internacional de twitter TAT Granada organizado por IDEAL del grupo Vocento. He hicimos un recorrido por algunos destinos con encanto de la capital. Desayuno en caf\u00e9 Bib-rambla, famoso por sus churros y chocolate, con 100 a\u00f1os de antig\u00fcedad. Tras terminar el trabajo pasamos a realizar un periplo. Primero en Mercado Lepanto, con excelentes espec\u00edmenes de pescados y buenas carnes, entre otros productos. Visita al Tinta Fina, local de moda con buen genero. Excelentes otras, pulpitos y muchas cosas m\u00e1s. Al final recalamos en Chikito con excelsas cigalas y una sorpresa: le tenia una chaqueta de cocinero al estilo moderno de las que usa, con nombres de platos de la cocina granadina, que hab\u00eda pedido le hicieran en unas horas. Siempre los detalles de Luis Oruezabal<\/p>\n<!-- AddThis Advanced Settings generic via filter on the_content --><!-- AddThis Share Buttons generic via filter on the_content -->","protected":false},"excerpt":{"rendered":"<p>Tuve el placer de tener en Granada al amigo y cocinero Alberto Chicote. Que actualmente presenta e interviene el el programa televisivo: &#8220;Pesadilla en la cocina&#8221;. Vino a intervenir en el congreso internacional de twitter TAT Granada organizado por IDEAL del grupo Vocento. He hicimos un recorrido por algunos destinos con encanto de la capital. [&hellip;]<!-- AddThis Advanced Settings generic via filter on get_the_excerpt --><!-- AddThis Share Buttons generic via filter on get_the_excerpt --><\/p>\n","protected":false},"author":5,"featured_media":0,"comment_status":"open","ping_status":"open","sticky":false,"template":"","format":"standard","meta":[],"categories":[3],"tags":[],"_links":{"self":[{"href":"https:\/\/blogs.ideal.es\/cocina\/wp-json\/wp\/v2\/posts\/1149"}],"collection":[{"href":"https:\/\/blogs.ideal.es\/cocina\/wp-json\/wp\/v2\/posts"}],"about":[{"href":"https:\/\/blogs.ideal.es\/cocina\/wp-json\/wp\/v2\/types\/post"}],"author":[{"embeddable":true,"href":"https:\/\/blogs.ideal.es\/cocina\/wp-json\/wp\/v2\/users\/5"}],"replies":[{"embeddable":true,"href":"https:\/\/blogs.ideal.es\/cocina\/wp-json\/wp\/v2\/comments?post=1149"}],"version-history":[{"count":0,"href":"https:\/\/blogs.ideal.es\/cocina\/wp-json\/wp\/v2\/posts\/1149\/revisions"}],"wp:attachment":[{"href":"https:\/\/blogs.ideal.es\/cocina\/wp-json\/wp\/v2\/media?parent=1149"}],"wp:term":[{"taxonomy":"category","embeddable":true,"href":"https:\/\/blogs.ideal.es\/cocina\/wp-json\/wp\/v2\/categories?post=1149"},{"taxonomy":"post_tag","embeddable":true,"href":"https:\/\/blogs.ideal.es\/cocina\/wp-json\/wp\/v2\/tags?post=1149"}],"curies":[{"name":"wp","href":"https:\/\/api.w.org\/{rel}","templated":true}]}}