{"id":1161,"date":"2013-07-03T21:09:59","date_gmt":"2013-07-03T20:09:59","guid":{"rendered":"http:\/\/blogs.ideal.es\/cocina\/?p=1161"},"modified":"2013-07-03T21:09:59","modified_gmt":"2013-07-03T20:09:59","slug":"catedral-de-almeria-para-disfrutar-hotel-y-yantares","status":"publish","type":"post","link":"https:\/\/blogs.ideal.es\/cocina\/2013\/07\/03\/catedral-de-almeria-para-disfrutar-hotel-y-yantares\/","title":{"rendered":"Catedral de Almer\u00eda, para disfrutar hotel y yantares"},"content":{"rendered":"<p><a href=\"\/cocina\/wp-content\/uploads\/sites\/9\/2013\/07\/Foto-medina-290613.jpg\"><img loading=\"lazy\" class=\"aligncenter size-medium wp-image-1162\" title=\"Foto medina  290613\" src=\"\/cocina\/wp-content\/uploads\/sites\/9\/2013\/07\/Foto-medina-290613-300x225.jpg\" alt=\"\" width=\"300\" height=\"225\" srcset=\"https:\/\/static-blogs.ideal.es\/wp-content\/uploads\/sites\/9\/2013\/07\/Foto-medina-290613-300x225.jpg 300w, https:\/\/static-blogs.ideal.es\/wp-content\/uploads\/sites\/9\/2013\/07\/Foto-medina-290613-768x576.jpg 768w, https:\/\/static-blogs.ideal.es\/wp-content\/uploads\/sites\/9\/2013\/07\/Foto-medina-290613.jpg 900w\" sizes=\"(max-width: 300px) 100vw, 300px\" \/><\/a><\/p>\n<p>Almer\u00eda tiene un casco antiguo muy agradable de pasear, y por las noches la terraza del Catedral es uno de los mejores destinos para disfrutar la gastronom\u00eda. All\u00ed, creado por L\u00e1zaro L\u00f3pez y Jos\u00e9 Torrente, entre otros, crearon este hotel con encanto y su restaurante con terraza. Abriendo hace unos a\u00f1os el gastrobar &#8220;Catedral Bar Tony Garc\u00eda&#8221;. Un joven cocinero que ha dado un toque novedoso a sus propuestas. All\u00ed se pueden degustar, las cl\u00e1sicas tapas almerienses y de dise\u00f1o, platos para compartir, parrilla y men\u00fas de degustaci\u00f3n. Adem\u00e1s de cocteler\u00eda<\/p>\n<p>Lugar: Restaurante Catedral<br \/>\nDirecci\u00f3n: Plaza de la Catedral, 8<br \/>\nTel\u00e9fono: 950 278178<br \/>\nPescados: Este verano ofrecen pescado del d\u00eda para plancha, fritos u otras elaboraciones al gusto<br \/>\nTapas: Bocadito de gallo-pedro con ajoblanco y mermelada de tomate. Soldadito de Pav\u00eda. Carpaccio de at\u00fan y tapas de siempre<br \/>\nMen\u00fas: Dispone de tres, de 35 a 45 euros con todas las bebidas incluidas. Tambi\u00e9n hay raciones<\/p>\n<!-- AddThis Advanced Settings generic via filter on the_content --><!-- AddThis Share Buttons generic via filter on the_content -->","protected":false},"excerpt":{"rendered":"<p>Almer\u00eda tiene un casco antiguo muy agradable de pasear, y por las noches la terraza del Catedral es uno de los mejores destinos para disfrutar la gastronom\u00eda. All\u00ed, creado por L\u00e1zaro L\u00f3pez y Jos\u00e9 Torrente, entre otros, crearon este hotel con encanto y su restaurante con terraza. Abriendo hace unos a\u00f1os el gastrobar &#8220;Catedral Bar [&hellip;]<!-- AddThis Advanced Settings generic via filter on get_the_excerpt --><!-- AddThis Share Buttons generic via filter on get_the_excerpt --><\/p>\n","protected":false},"author":5,"featured_media":0,"comment_status":"open","ping_status":"open","sticky":false,"template":"","format":"standard","meta":[],"categories":[3,4,5,8],"tags":[],"_links":{"self":[{"href":"https:\/\/blogs.ideal.es\/cocina\/wp-json\/wp\/v2\/posts\/1161"}],"collection":[{"href":"https:\/\/blogs.ideal.es\/cocina\/wp-json\/wp\/v2\/posts"}],"about":[{"href":"https:\/\/blogs.ideal.es\/cocina\/wp-json\/wp\/v2\/types\/post"}],"author":[{"embeddable":true,"href":"https:\/\/blogs.ideal.es\/cocina\/wp-json\/wp\/v2\/users\/5"}],"replies":[{"embeddable":true,"href":"https:\/\/blogs.ideal.es\/cocina\/wp-json\/wp\/v2\/comments?post=1161"}],"version-history":[{"count":0,"href":"https:\/\/blogs.ideal.es\/cocina\/wp-json\/wp\/v2\/posts\/1161\/revisions"}],"wp:attachment":[{"href":"https:\/\/blogs.ideal.es\/cocina\/wp-json\/wp\/v2\/media?parent=1161"}],"wp:term":[{"taxonomy":"category","embeddable":true,"href":"https:\/\/blogs.ideal.es\/cocina\/wp-json\/wp\/v2\/categories?post=1161"},{"taxonomy":"post_tag","embeddable":true,"href":"https:\/\/blogs.ideal.es\/cocina\/wp-json\/wp\/v2\/tags?post=1161"}],"curies":[{"name":"wp","href":"https:\/\/api.w.org\/{rel}","templated":true}]}}