{"id":1168,"date":"2013-07-05T14:19:07","date_gmt":"2013-07-05T13:19:07","guid":{"rendered":"http:\/\/blogs.ideal.es\/cocina\/?p=1168"},"modified":"2013-07-05T14:19:07","modified_gmt":"2013-07-05T13:19:07","slug":"disaronno-un-licor-con-sabores-de-la-italia","status":"publish","type":"post","link":"https:\/\/blogs.ideal.es\/cocina\/2013\/07\/05\/disaronno-un-licor-con-sabores-de-la-italia\/","title":{"rendered":"Disaronno, un licor con sabores de la Italia"},"content":{"rendered":"<p><a href=\"\/cocina\/wp-content\/uploads\/sites\/9\/2013\/07\/040713.jpg\"><img loading=\"lazy\" class=\"aligncenter size-medium wp-image-1169\" title=\"040713\" src=\"\/cocina\/wp-content\/uploads\/sites\/9\/2013\/07\/040713-145x300.jpg\" alt=\"\" width=\"145\" height=\"300\" \/><\/a><\/p>\n<p>Muchas veces no sabemos de donde surge un licor. Y est\u00e9 es singular. El licor Disaronno se define como el mejor licor italiano, y como dice la etiqueta de su botella, se elabora desde el a\u00f1o 1525. Dentro de unos a\u00f1os cumplir\u00e1n 500 a\u00f1os. En aquellos tiempos era habitual que las familias elaboraran sus propios licores. Este lo hac\u00eda la familia Reina en la ciudad de Saronno, de ah\u00ed el nombre del licor&#8230; Tomar con hielo<\/p>\n<!-- AddThis Advanced Settings generic via filter on the_content --><!-- AddThis Share Buttons generic via filter on the_content -->","protected":false},"excerpt":{"rendered":"<p>Muchas veces no sabemos de donde surge un licor. Y est\u00e9 es singular. El licor Disaronno se define como el mejor licor italiano, y como dice la etiqueta de su botella, se elabora desde el a\u00f1o 1525. Dentro de unos a\u00f1os cumplir\u00e1n 500 a\u00f1os. En aquellos tiempos era habitual que las familias elaboraran sus propios [&hellip;]<!-- AddThis Advanced Settings generic via filter on get_the_excerpt --><!-- AddThis Share Buttons generic via filter on get_the_excerpt --><\/p>\n","protected":false},"author":5,"featured_media":0,"comment_status":"open","ping_status":"open","sticky":false,"template":"","format":"standard","meta":[],"categories":[8],"tags":[],"_links":{"self":[{"href":"https:\/\/blogs.ideal.es\/cocina\/wp-json\/wp\/v2\/posts\/1168"}],"collection":[{"href":"https:\/\/blogs.ideal.es\/cocina\/wp-json\/wp\/v2\/posts"}],"about":[{"href":"https:\/\/blogs.ideal.es\/cocina\/wp-json\/wp\/v2\/types\/post"}],"author":[{"embeddable":true,"href":"https:\/\/blogs.ideal.es\/cocina\/wp-json\/wp\/v2\/users\/5"}],"replies":[{"embeddable":true,"href":"https:\/\/blogs.ideal.es\/cocina\/wp-json\/wp\/v2\/comments?post=1168"}],"version-history":[{"count":0,"href":"https:\/\/blogs.ideal.es\/cocina\/wp-json\/wp\/v2\/posts\/1168\/revisions"}],"wp:attachment":[{"href":"https:\/\/blogs.ideal.es\/cocina\/wp-json\/wp\/v2\/media?parent=1168"}],"wp:term":[{"taxonomy":"category","embeddable":true,"href":"https:\/\/blogs.ideal.es\/cocina\/wp-json\/wp\/v2\/categories?post=1168"},{"taxonomy":"post_tag","embeddable":true,"href":"https:\/\/blogs.ideal.es\/cocina\/wp-json\/wp\/v2\/tags?post=1168"}],"curies":[{"name":"wp","href":"https:\/\/api.w.org\/{rel}","templated":true}]}}