{"id":1174,"date":"2013-08-28T13:14:39","date_gmt":"2013-08-28T12:14:39","guid":{"rendered":"http:\/\/blogs.ideal.es\/cocina\/?p=1174"},"modified":"2013-08-28T13:14:39","modified_gmt":"2013-08-28T12:14:39","slug":"guia-de-napoles-pompeya-y-costa-amalfitana","status":"publish","type":"post","link":"https:\/\/blogs.ideal.es\/cocina\/2013\/08\/28\/guia-de-napoles-pompeya-y-costa-amalfitana\/","title":{"rendered":"Gu\u00eda de N\u00e1poles, Pompeya y costa Amalfitana"},"content":{"rendered":"<p><a href=\"\/cocina\/wp-content\/uploads\/sites\/9\/2013\/08\/220813.jpg\"><img loading=\"lazy\" class=\"aligncenter size-medium wp-image-1175\" title=\"220813\" src=\"\/cocina\/wp-content\/uploads\/sites\/9\/2013\/08\/220813-193x300.jpg\" alt=\"\" width=\"193\" height=\"300\" srcset=\"https:\/\/static-blogs.ideal.es\/wp-content\/uploads\/sites\/9\/2013\/08\/220813-193x300.jpg 193w, https:\/\/static-blogs.ideal.es\/wp-content\/uploads\/sites\/9\/2013\/08\/220813.jpg 515w\" sizes=\"(max-width: 193px) 100vw, 193px\" \/><\/a><\/p>\n<p>Ya saben que lo mejor de un viaje es, a veces, su preparaci\u00f3n. Y esto se logra disponiendo de una informaci\u00f3n fiable. Ahora que ya se otea el fin de agosto, el peor mes para viajar desde mi punto de vista, puede pensar en hacer un recorrido, que en ferragosto es imposible por la cantidad de gente y el calor. Le recomiendo esta gu\u00eda de Lonely Planet. Su documentaci\u00f3n est\u00e1 contrastada. No \u00a0solo datos an\u00f3nimos de internet<\/p>\n<!-- AddThis Advanced Settings generic via filter on the_content --><!-- AddThis Share Buttons generic via filter on the_content -->","protected":false},"excerpt":{"rendered":"<p>Ya saben que lo mejor de un viaje es, a veces, su preparaci\u00f3n. Y esto se logra disponiendo de una informaci\u00f3n fiable. Ahora que ya se otea el fin de agosto, el peor mes para viajar desde mi punto de vista, puede pensar en hacer un recorrido, que en ferragosto es imposible por la cantidad [&hellip;]<!-- AddThis Advanced Settings generic via filter on get_the_excerpt --><!-- AddThis Share Buttons generic via filter on get_the_excerpt --><\/p>\n","protected":false},"author":5,"featured_media":0,"comment_status":"open","ping_status":"open","sticky":false,"template":"","format":"standard","meta":[],"categories":[3,10],"tags":[],"_links":{"self":[{"href":"https:\/\/blogs.ideal.es\/cocina\/wp-json\/wp\/v2\/posts\/1174"}],"collection":[{"href":"https:\/\/blogs.ideal.es\/cocina\/wp-json\/wp\/v2\/posts"}],"about":[{"href":"https:\/\/blogs.ideal.es\/cocina\/wp-json\/wp\/v2\/types\/post"}],"author":[{"embeddable":true,"href":"https:\/\/blogs.ideal.es\/cocina\/wp-json\/wp\/v2\/users\/5"}],"replies":[{"embeddable":true,"href":"https:\/\/blogs.ideal.es\/cocina\/wp-json\/wp\/v2\/comments?post=1174"}],"version-history":[{"count":0,"href":"https:\/\/blogs.ideal.es\/cocina\/wp-json\/wp\/v2\/posts\/1174\/revisions"}],"wp:attachment":[{"href":"https:\/\/blogs.ideal.es\/cocina\/wp-json\/wp\/v2\/media?parent=1174"}],"wp:term":[{"taxonomy":"category","embeddable":true,"href":"https:\/\/blogs.ideal.es\/cocina\/wp-json\/wp\/v2\/categories?post=1174"},{"taxonomy":"post_tag","embeddable":true,"href":"https:\/\/blogs.ideal.es\/cocina\/wp-json\/wp\/v2\/tags?post=1174"}],"curies":[{"name":"wp","href":"https:\/\/api.w.org\/{rel}","templated":true}]}}