{"id":1176,"date":"2013-08-29T17:54:43","date_gmt":"2013-08-29T16:54:43","guid":{"rendered":"http:\/\/blogs.ideal.es\/cocina\/?p=1176"},"modified":"2013-08-29T17:54:43","modified_gmt":"2013-08-29T16:54:43","slug":"una-jornada-en-el-bonito-pueblo-serrano-y-balcon-de-niguelas","status":"publish","type":"post","link":"https:\/\/blogs.ideal.es\/cocina\/2013\/08\/29\/una-jornada-en-el-bonito-pueblo-serrano-y-balcon-de-niguelas\/","title":{"rendered":"Una jornada en el bonito pueblo serrano y balc\u00f3n de Nig\u00fcelas"},"content":{"rendered":"<p><a href=\"\/cocina\/wp-content\/uploads\/sites\/9\/2013\/08\/Foto-peque\u00f1a-240813.jpg\"><img loading=\"lazy\" class=\"aligncenter size-medium wp-image-1178\" title=\"Foto peque\u00f1a 240813\" src=\"\/cocina\/wp-content\/uploads\/sites\/9\/2013\/08\/Foto-peque\u00f1a-240813-300x225.jpg\" alt=\"\" width=\"300\" height=\"225\" srcset=\"https:\/\/static-blogs.ideal.es\/wp-content\/uploads\/sites\/9\/2013\/08\/Foto-peque\u00f1a-240813-300x225.jpg 300w, https:\/\/static-blogs.ideal.es\/wp-content\/uploads\/sites\/9\/2013\/08\/Foto-peque\u00f1a-240813-768x576.jpg 768w, https:\/\/static-blogs.ideal.es\/wp-content\/uploads\/sites\/9\/2013\/08\/Foto-peque\u00f1a-240813.jpg 900w\" sizes=\"(max-width: 300px) 100vw, 300px\" \/><\/a>La alcaldesa Rita Rodr\u00edguez muestra el museo del molino de aceite a unas monjitas<\/p>\n<p>Les recomiendo una escapada o fin de semana en este cuidado pueblo. Su alcaldesa, Rita Rodr\u00edguez lo tiene muy bonito. Y en ocasiones, como fue la visita de unas monjas de Misioneras del Sto. Sacramento, cuya fundadora tenia casa en Nig\u00fcelas, hizo de gu\u00eda para mostrar la mansi\u00f3n recuperada para ayuntamiento, su jard\u00edn y sus salones. Lo mismo que el museo del aceite, una joya, perfectamente restaurada, con los aperos y artilugios de trabajo at\u00e1vicos. El pueblo, perfectamente asfaltado tiene mucho encanto para pasear y para tapear, que de todo quiere el Se\u00f1or. Y tras la visita a los jardines, ayuntamiento o molino de aceite, hay que recalar en el bar junto al aljibe de la plaza del pueblo, junto a la iglesia, que le da nombre. En verano el ayuntamiento ofrece cine gratis o sus ciclos de conciertos, porque Nig\u00fcelas es muy musical y culta. Tambi\u00e9n podemos disfrutar con algunas tapas y platos de Bar La Plaza, San Salvador, La Torre o el Rinc\u00f3n de Miguel a la entrada del pueblo, con buen aparcamiento. Una pena que est\u00e9 cerrada la Casa del Lino, con alojamiento y restaurante. Pero puede recalar en la Alquer\u00eda los Lentos (gentilicio popular cari\u00f1oso de los niguele\u00f1os), donde es mejor comer en el restaurante de abajo. En la parte de arriba la cocina es inglesa y ya saben la fama que tienen los brit\u00e1nicos en los temas gastron\u00f3micos, entre otros. La Alquer\u00eda que regenta Mercedes, cuenta con terraza, alojamientos y piscina. Ya les contar\u00e9 detalles<\/p>\n<!-- AddThis Advanced Settings generic via filter on the_content --><!-- AddThis Share Buttons generic via filter on the_content -->","protected":false},"excerpt":{"rendered":"<p>La alcaldesa Rita Rodr\u00edguez muestra el museo del molino de aceite a unas monjitas Les recomiendo una escapada o fin de semana en este cuidado pueblo. Su alcaldesa, Rita Rodr\u00edguez lo tiene muy bonito. Y en ocasiones, como fue la visita de unas monjas de Misioneras del Sto. Sacramento, cuya fundadora tenia casa en Nig\u00fcelas, [&hellip;]<!-- AddThis Advanced Settings generic via filter on get_the_excerpt --><!-- AddThis Share Buttons generic via filter on get_the_excerpt --><\/p>\n","protected":false},"author":5,"featured_media":0,"comment_status":"open","ping_status":"open","sticky":false,"template":"","format":"standard","meta":[],"categories":[3],"tags":[],"_links":{"self":[{"href":"https:\/\/blogs.ideal.es\/cocina\/wp-json\/wp\/v2\/posts\/1176"}],"collection":[{"href":"https:\/\/blogs.ideal.es\/cocina\/wp-json\/wp\/v2\/posts"}],"about":[{"href":"https:\/\/blogs.ideal.es\/cocina\/wp-json\/wp\/v2\/types\/post"}],"author":[{"embeddable":true,"href":"https:\/\/blogs.ideal.es\/cocina\/wp-json\/wp\/v2\/users\/5"}],"replies":[{"embeddable":true,"href":"https:\/\/blogs.ideal.es\/cocina\/wp-json\/wp\/v2\/comments?post=1176"}],"version-history":[{"count":0,"href":"https:\/\/blogs.ideal.es\/cocina\/wp-json\/wp\/v2\/posts\/1176\/revisions"}],"wp:attachment":[{"href":"https:\/\/blogs.ideal.es\/cocina\/wp-json\/wp\/v2\/media?parent=1176"}],"wp:term":[{"taxonomy":"category","embeddable":true,"href":"https:\/\/blogs.ideal.es\/cocina\/wp-json\/wp\/v2\/categories?post=1176"},{"taxonomy":"post_tag","embeddable":true,"href":"https:\/\/blogs.ideal.es\/cocina\/wp-json\/wp\/v2\/tags?post=1176"}],"curies":[{"name":"wp","href":"https:\/\/api.w.org\/{rel}","templated":true}]}}