{"id":1181,"date":"2013-09-02T10:48:32","date_gmt":"2013-09-02T09:48:32","guid":{"rendered":"http:\/\/blogs.ideal.es\/cocina\/?p=1181"},"modified":"2013-09-02T10:48:32","modified_gmt":"2013-09-02T09:48:32","slug":"un-minicrucero-para-disfrutar-melilla-desde-motril","status":"publish","type":"post","link":"https:\/\/blogs.ideal.es\/cocina\/2013\/09\/02\/un-minicrucero-para-disfrutar-melilla-desde-motril\/","title":{"rendered":"Un minicrucero para disfrutar Melilla desde Motril"},"content":{"rendered":"<p><a href=\"\/cocina\/wp-content\/uploads\/sites\/9\/2013\/09\/Foto-grande-310813.jpg\"><img loading=\"lazy\" class=\"aligncenter size-medium wp-image-1182\" title=\"Foto grande 310813\" src=\"\/cocina\/wp-content\/uploads\/sites\/9\/2013\/09\/Foto-grande-310813-300x225.jpg\" alt=\"\" width=\"300\" height=\"225\" srcset=\"https:\/\/static-blogs.ideal.es\/wp-content\/uploads\/sites\/9\/2013\/09\/Foto-grande-310813-300x225.jpg 300w, https:\/\/static-blogs.ideal.es\/wp-content\/uploads\/sites\/9\/2013\/09\/Foto-grande-310813-768x576.jpg 768w, https:\/\/static-blogs.ideal.es\/wp-content\/uploads\/sites\/9\/2013\/09\/Foto-grande-310813.jpg 1000w\" sizes=\"(max-width: 300px) 100vw, 300px\" \/><\/a><\/p>\n<p><em><strong>La naviera Armas ofrece un c\u00f3modo barco \u00a0a la hist\u00f3rica ciudad espa\u00f1ola\u00a0<\/strong><\/em><\/p>\n<p>A partir del 5 de septiembre es la mejor fecha para una escapada diferente. Ya sea en fin de semana, o cualquier d\u00eda. Se puede embarcar con el coche y puede elegir entre: un camarote con ba\u00f1o completo privado, viajar en la zona VIP, muy c\u00f3moda y confortable o la butaca normal. De todas formas el barco, perfectamente decorado, dispone de salones con buenas vistas, diferentes cubiertas y hasta una piscina, donde los ni\u00f1os disfrutan durante la traves\u00eda con un grupo de animaci\u00f3n del barco. Solo cuatro horas y media y ya estamos en esta singular ciudad, netamente andaluza en sus formas pero sorprendente en su arquitectura. Imprescindible es tomar un trenecito que nos hace un perfecto recorrido por la ciudad, para que despu\u00e9s nosotros elegir a donde ir. El recorrido nos lleva por el tri\u00e1ngulo comercial de la ciudad y sus impresionantes edificios de la escuela de Gaudi. La segunda ciudad espa\u00f1ola detr\u00e1s de Barcelona con estilo &#8220;modernista&#8221;. Buenas tiendas, sobre todo de joyer\u00eda, que en Melilla es mucho m\u00e1s barata pues no hay IVA. Eso se nota en las piezas y relojes de marcas conocidas. Por supuesto hay que pasear la ciudad vieja\u201d, perfectamente restaurada por el gobierno aut\u00f3nomo. Un paseo entre la historia y las leyendas. Impresionante es entrar a las Cuevas del Conventico por un edificio hist\u00f3rico junto a la iglesia de la patrona. Hay que conocer la historia de Melilla en un recorrido muy logrado en sus museos. Se debe pasear las murallas y baluartes. La informaci\u00f3n la proporciona amablemente el Patronato de Turismo, pues todos los museos de Melilla son gratuitos. Otro de sus grandes atractivos es la gastronom\u00eda. Los amantes del marisco y el pescado fresco est\u00e1n en su para\u00edso. Lo mismo con el tapeo que va incluido en la consumici\u00f3n y se puede escoger. Mis saludos a grandes gastr\u00f3nomos melillenses como Ignacio P\u00e9rez, Rafa y Jos\u00e9, que saben que hay que comprar y en donde. Por la noche hay mucho ambiente en el paseo mar\u00edtimo y en el puerto deportivo Noray, con variados restauraurantes y pub<\/p>\n<!-- AddThis Advanced Settings generic via filter on the_content --><!-- AddThis Share Buttons generic via filter on the_content -->","protected":false},"excerpt":{"rendered":"<p>La naviera Armas ofrece un c\u00f3modo barco \u00a0a la hist\u00f3rica ciudad espa\u00f1ola\u00a0 A partir del 5 de septiembre es la mejor fecha para una escapada diferente. Ya sea en fin de semana, o cualquier d\u00eda. Se puede embarcar con el coche y puede elegir entre: un camarote con ba\u00f1o completo privado, viajar en la zona [&hellip;]<!-- AddThis Advanced Settings generic via filter on get_the_excerpt --><!-- AddThis Share Buttons generic via filter on get_the_excerpt --><\/p>\n","protected":false},"author":5,"featured_media":0,"comment_status":"open","ping_status":"open","sticky":false,"template":"","format":"standard","meta":[],"categories":[3,5],"tags":[],"_links":{"self":[{"href":"https:\/\/blogs.ideal.es\/cocina\/wp-json\/wp\/v2\/posts\/1181"}],"collection":[{"href":"https:\/\/blogs.ideal.es\/cocina\/wp-json\/wp\/v2\/posts"}],"about":[{"href":"https:\/\/blogs.ideal.es\/cocina\/wp-json\/wp\/v2\/types\/post"}],"author":[{"embeddable":true,"href":"https:\/\/blogs.ideal.es\/cocina\/wp-json\/wp\/v2\/users\/5"}],"replies":[{"embeddable":true,"href":"https:\/\/blogs.ideal.es\/cocina\/wp-json\/wp\/v2\/comments?post=1181"}],"version-history":[{"count":0,"href":"https:\/\/blogs.ideal.es\/cocina\/wp-json\/wp\/v2\/posts\/1181\/revisions"}],"wp:attachment":[{"href":"https:\/\/blogs.ideal.es\/cocina\/wp-json\/wp\/v2\/media?parent=1181"}],"wp:term":[{"taxonomy":"category","embeddable":true,"href":"https:\/\/blogs.ideal.es\/cocina\/wp-json\/wp\/v2\/categories?post=1181"},{"taxonomy":"post_tag","embeddable":true,"href":"https:\/\/blogs.ideal.es\/cocina\/wp-json\/wp\/v2\/tags?post=1181"}],"curies":[{"name":"wp","href":"https:\/\/api.w.org\/{rel}","templated":true}]}}